{"id":113,"date":"2023-01-17T14:37:43","date_gmt":"2023-01-17T14:37:43","guid":{"rendered":"https:\/\/a.globoviral.com\/?p=113"},"modified":"2023-01-17T14:37:44","modified_gmt":"2023-01-17T14:37:44","slug":"gerard-pique-dijo-me-siento-rejuvenecido-y-shakira-salio-a-responderle","status":"publish","type":"post","link":"https:\/\/a.globoviral.com\/?p=113","title":{"rendered":"Gerard Piqu\u00e9 dijo \u201cme siento rejuvenecido\u201d y Shakira sali\u00f3 a responderle"},"content":{"rendered":"<p>Shakira y Gerard Piqu\u00e9 han estado en las portadas de revistas y sitios web desde que se anunci\u00f3 su separaci\u00f3n hace unos meses.<\/p>\n<p>Ha habido rumores sobre la supuesta infidelidad del jugador del Barcelona, \u200b\u200bsu encuentro con Clara Mart\u00ed, una batalla legal por la compra del ni\u00f1o y hasta la inminente mudanza del cantante colombiano a Estados Unidos.<\/p>\n<p>Tanto Piqu\u00e9 como Shakira han sido acosados \u200b\u200bpor los paparazzi, lo que solo alimenta los rumores. Gerard Piqu\u00e9 al parecer coment\u00f3 su situaci\u00f3n a su c\u00edrculo m\u00e1s cercano, admitiendo que desde que termin\u00f3 su relaci\u00f3n de 12 a\u00f1os con el cantante y comenz\u00f3 una aventura con Clara Ciamarti, se \u00absiente rejuvenecido\u00bb.<\/p>\n<p>Durante el viaje rom\u00e1ntico de Piqu\u00e9 y Mart\u00ed a Par\u00eds, el futbolista revel\u00f3 su relaci\u00f3n con la cantante, seg\u00fan medios espa\u00f1oles. Parece que Gerrard le revel\u00f3 a alguien cercano que el catal\u00e1n \u00able hac\u00eda sentir m\u00e1s joven\u00bb. La fuente destac\u00f3 que Peake ha sido abierto sobre lo joven que se siente desde que se separ\u00f3 de Shakira y se abri\u00f3 a la publicista. Por otro lado, puedo comparar las edades de las dos mujeres y el tipo de relaci\u00f3n que tengo con ellas.<\/p>\n<p>El catal\u00e1n viaj\u00f3 a la capital francesa con Clara despu\u00e9s de que Shakira y Piqu\u00e9 vivieran un momento inc\u00f3modo en la fiesta de su hijo en Mil\u00e1n, donde fueron fotografiados por paparazzis andando en patineta.<img loading=\"lazy\" decoding=\"async\" class=\"aligncenter wp-image-720 size-full\" src=\"https:\/\/t.vive-feliz.xyz\/wp-content\/uploads\/2022\/10\/1-18.jpg\" alt=\"\" width=\"900\" height=\"1350\"><\/p>\n<p>Aunque Gerard Piqu\u00e9 est\u00e1 feliz con su actual pareja, todav\u00eda est\u00e1 plagado de problemas de custodia, que cree que se resolver\u00e1n con un acuerdo con Shakira. Tambi\u00e9n tuvo problemas en su club, el FC Barcelona, \u200b\u200by sus actuaciones no fueron lo que lo convirti\u00f3 en titular a lo largo de los a\u00f1os, incluso gan\u00e1ndose la capitan\u00eda del equipo del club.<\/p>\n<p>Varios miembros del equipo directivo del grupo Kosmos Global Holding, en el que Piqu\u00e9 es uno de sus principales accionistas, presentaron sus dimisiones diciendo que no estaban satisfechos con el descuido del futbolista hacia \u00e9l, inform\u00f3 el periodista espa\u00f1ol Jordi Mart\u00edn.<img loading=\"lazy\" decoding=\"async\" class=\"aligncenter wp-image-721 size-full\" src=\"https:\/\/t.vive-feliz.xyz\/wp-content\/uploads\/2022\/10\/2-7.png\" alt=\"\" width=\"1024\" height=\"1024\"><\/p>\n<p>Responsabilidades como l\u00edderes. . Cuando le preguntaron a Shakira qu\u00e9 pensaba de la nueva juventud de su esposo, la colombiana respondi\u00f3: \u201cMe alegra que te sientas as\u00ed, solo espero que no olvides lo que pasamos juntos. Prefiero no hablar de eso\u201d. .eso y pude seguir adelante con mi vida .<\/p>\n<p>A los pocos d\u00edas de responder la pregunta, Shakira lanz\u00f3 una nueva canci\u00f3n que inclu\u00eda referencias a Piqu\u00e9. \u201cNo es tu culpa, no es mi culpa, es culpa de la monoton\u00eda\u201d, dijo el colombiano en su \u00faltimo sencillo. \u00bfQui\u00e9n crees que tiene la culpa de todo esto? \u00bfApoyas a Shakira o a Piqu\u00e9? Escribe tu opini\u00f3n en el campo de comentarios.<\/p>\n","protected":false},"excerpt":{"rendered":"<p>Shakira y Gerard Piqu\u00e9 han estado en las portadas de revistas y sitios web desde que se anunci\u00f3 su separaci\u00f3n hace unos meses. Ha habido rumores sobre la supuesta infidelidad del jugador del Barcelona, \u200b\u200bsu encuentro con Clara Mart\u00ed, una batalla legal por la compra del ni\u00f1o y hasta la inminente mudanza del cantante colombiano [&hellip;]<\/p>\n","protected":false},"author":1,"featured_media":114,"comment_status":"open","ping_status":"open","sticky":false,"template":"","format":"standard","meta":{"footnotes":""},"categories":[1],"tags":[],"class_list":["post-113","post","type-post","status-publish","format-standard","has-post-thumbnail","hentry","category-uncategorized"],"_links":{"self":[{"href":"https:\/\/a.globoviral.com\/index.php?rest_route=\/wp\/v2\/posts\/113","targetHints":{"allow":["GET"]}}],"collection":[{"href":"https:\/\/a.globoviral.com\/index.php?rest_route=\/wp\/v2\/posts"}],"about":[{"href":"https:\/\/a.globoviral.com\/index.php?rest_route=\/wp\/v2\/types\/post"}],"author":[{"embeddable":true,"href":"https:\/\/a.globoviral.com\/index.php?rest_route=\/wp\/v2\/users\/1"}],"replies":[{"embeddable":true,"href":"https:\/\/a.globoviral.com\/index.php?rest_route=%2Fwp%2Fv2%2Fcomments&post=113"}],"version-history":[{"count":1,"href":"https:\/\/a.globoviral.com\/index.php?rest_route=\/wp\/v2\/posts\/113\/revisions"}],"predecessor-version":[{"id":115,"href":"https:\/\/a.globoviral.com\/index.php?rest_route=\/wp\/v2\/posts\/113\/revisions\/115"}],"wp:featuredmedia":[{"embeddable":true,"href":"https:\/\/a.globoviral.com\/index.php?rest_route=\/wp\/v2\/media\/114"}],"wp:attachment":[{"href":"https:\/\/a.globoviral.com\/index.php?rest_route=%2Fwp%2Fv2%2Fmedia&parent=113"}],"wp:term":[{"taxonomy":"category","embeddable":true,"href":"https:\/\/a.globoviral.com\/index.php?rest_route=%2Fwp%2Fv2%2Fcategories&post=113"},{"taxonomy":"post_tag","embeddable":true,"href":"https:\/\/a.globoviral.com\/index.php?rest_route=%2Fwp%2Fv2%2Ftags&post=113"}],"curies":[{"name":"wp","href":"https:\/\/api.w.org\/{rel}","templated":true}]}}