{"id":1580,"date":"2023-11-28T20:23:13","date_gmt":"2023-11-28T20:23:13","guid":{"rendered":"https:\/\/a.globoviral.com\/?p=1580"},"modified":"2023-11-28T20:23:14","modified_gmt":"2023-11-28T20:23:14","slug":"alerta-en-mexico-aumento-de-casos-de-virus-sincicial-respiratorio","status":"publish","type":"post","link":"https:\/\/a.globoviral.com\/?p=1580","title":{"rendered":"Alerta en M\u00e9xico: Aumento de Casos de Virus Sincicial Respiratorio"},"content":{"rendered":"<p>El Sistema Nacional de Vigilancia Epidemiol\u00f3gica ha lanzado una alerta sobre el Virus Sincicial Respiratorio, un virus que afecta mayormennte a los ni\u00f1os menores de nueve a\u00f1os.<\/p>\n<p>En este mes de noviembre, se han dado un aumento de casos, especialmente en las regiones del Estado de M\u00e9xico y la Ciudad de M\u00e9xico, con la llegada de temperaturas m\u00e1s bajas en el pa\u00eds, los problemas respiratorios tienden a aumentar considerablemente.<\/p>\n<p>Es por eso que el istema Nacional de Vigilancia Epidemiol\u00f3gica hace un llamado a todas las unidades m\u00e9dicas y de salud para prestar especial atenci\u00f3n al Virus Sincicial Respiratorio.<\/p>\n<p>El Virus Sincicial Respiratorio es un virus del tipo ARN perteneciente a la familia Paramyxoviridae, el cual se divide en dos grupos antig\u00e9nicos, A y B, su periodo de incubaci\u00f3n es de cuatro a seis d\u00edas despu\u00e9s de la infecci\u00f3n, este virus se puede transmitir antes de mostrar s\u00edntomas y hasta cuatro semanas despu\u00e9s de recuperarse.<\/p>\n<p><strong>S\u00edntomas del Virus Sincicial Respiratorio<\/strong><\/p>\n<p>Este virus generalmente se manifiesta con s\u00edntomas leves, similares a los de un resfriado com\u00fan, entre los s\u00edntomas m\u00e1s frecuentes se encuentran:<\/p>\n<p>\u2013 Congesti\u00f3n nasal<br \/>\n\u2013 Estornudos<br \/>\n\u2013 Moqueo<br \/>\n\u2013 Ojos llorosos<\/p>\n<p>Adem\u00e1s, el Virus Sincicial Respiratorio es la causa viral m\u00e1s com\u00fan de bronquiolitis, neumon\u00eda e infecciones del tracto respiratorio inferior, lo que puede llevar a hospitalizaciones, especialmente en lactantes.<\/p>\n<p><strong>Medidas de Prevenci\u00f3n<\/strong><\/p>\n<p>\u2013 Es importante permanecer en casa, especialmente si se presentan s\u00edntomas para que el estado de salud no se complique y evitar transmitir otros ni\u00f1os.<\/p>\n<p>\u2013 Ventilar lugares cerrados para mejorar la circulaci\u00f3n del aire ya que si hay alguna persona infectada en un espacio cerrado es mas posible el contagio a otros.<\/p>\n<p>\u2013 Cubrirse al toser y estornudar con un pa\u00f1uelo desechable o el codo, mediante el estornudo y la tos se excretan part\u00edculas de virus contagiando a los que tenemos al alrededor.<\/p>\n<p>\u2013 Lavarse las manos con frecuencia, utilizando agua y jab\u00f3n, si tocamos una superficie contaminada por el virus y nos pasamos la mano por la cara, estaremos contagi\u00e1ndonos del virus.<\/p>\n<p>\u2013 Evitar tocarse la cara, especialmente ojos, nariz y boca, ya que estas son las v\u00edas de entrada del virus.<\/p>\n<p>\u2013 Mantener distancia social y evitar el contacto cercano con otras personas, si mantenemos una distancia prudente con los dem\u00e1s evitaremos contagiarnos del virus.<\/p>\n<p>\u2013 Evitar compartir vasos y utensilios para comer, ya que en los restos de saliva puede contenerse el virus facilitando la transmisi\u00f3n.<\/p>\n<p>\u2013 Realizar una limpieza frecuente de las superficies que se tocan con regularidad.<\/p>\n<p>Estas medidas son fundamentales para reducir el riesgo de contagio y proteger tanto a ni\u00f1os como a adultos de posibles contagios asociados al Virus Sincicial Respiratorio y otros virus que afectan en esta \u00e9poca del a\u00f1o.<\/p>\n","protected":false},"excerpt":{"rendered":"<p>El Sistema Nacional de Vigilancia Epidemiol\u00f3gica ha lanzado una alerta sobre el Virus Sincicial Respiratorio, un virus que afecta mayormennte a los ni\u00f1os menores de nueve a\u00f1os. En este mes de noviembre, se han dado un aumento de casos, especialmente en las regiones del Estado de M\u00e9xico y la Ciudad de M\u00e9xico, con la llegada [&hellip;]<\/p>\n","protected":false},"author":1,"featured_media":1581,"comment_status":"open","ping_status":"open","sticky":false,"template":"","format":"standard","meta":{"footnotes":""},"categories":[1],"tags":[],"class_list":["post-1580","post","type-post","status-publish","format-standard","has-post-thumbnail","hentry","category-uncategorized"],"_links":{"self":[{"href":"https:\/\/a.globoviral.com\/index.php?rest_route=\/wp\/v2\/posts\/1580","targetHints":{"allow":["GET"]}}],"collection":[{"href":"https:\/\/a.globoviral.com\/index.php?rest_route=\/wp\/v2\/posts"}],"about":[{"href":"https:\/\/a.globoviral.com\/index.php?rest_route=\/wp\/v2\/types\/post"}],"author":[{"embeddable":true,"href":"https:\/\/a.globoviral.com\/index.php?rest_route=\/wp\/v2\/users\/1"}],"replies":[{"embeddable":true,"href":"https:\/\/a.globoviral.com\/index.php?rest_route=%2Fwp%2Fv2%2Fcomments&post=1580"}],"version-history":[{"count":1,"href":"https:\/\/a.globoviral.com\/index.php?rest_route=\/wp\/v2\/posts\/1580\/revisions"}],"predecessor-version":[{"id":1582,"href":"https:\/\/a.globoviral.com\/index.php?rest_route=\/wp\/v2\/posts\/1580\/revisions\/1582"}],"wp:featuredmedia":[{"embeddable":true,"href":"https:\/\/a.globoviral.com\/index.php?rest_route=\/wp\/v2\/media\/1581"}],"wp:attachment":[{"href":"https:\/\/a.globoviral.com\/index.php?rest_route=%2Fwp%2Fv2%2Fmedia&parent=1580"}],"wp:term":[{"taxonomy":"category","embeddable":true,"href":"https:\/\/a.globoviral.com\/index.php?rest_route=%2Fwp%2Fv2%2Fcategories&post=1580"},{"taxonomy":"post_tag","embeddable":true,"href":"https:\/\/a.globoviral.com\/index.php?rest_route=%2Fwp%2Fv2%2Ftags&post=1580"}],"curies":[{"name":"wp","href":"https:\/\/api.w.org\/{rel}","templated":true}]}}