{"id":1634,"date":"2023-12-07T13:23:48","date_gmt":"2023-12-07T13:23:48","guid":{"rendered":"https:\/\/a.globoviral.com\/?p=1634"},"modified":"2023-12-07T13:23:49","modified_gmt":"2023-12-07T13:23:49","slug":"joven-cuenta-que-sus-amigas-la-desprecian-por-ser-vendedora-de-la-calle","status":"publish","type":"post","link":"https:\/\/a.globoviral.com\/?p=1634","title":{"rendered":"Joven cuenta que sus amigas la desprecian por ser vendedora de la calle"},"content":{"rendered":"<p>En el vasto escenario digital, emerge una historia conmovedora que est\u00e1 capturando la atenci\u00f3n y el coraz\u00f3n de la comunidad en l\u00ednea. Anah\u00ed, una joven venezolana de 17 a\u00f1os, se ha convertido en un s\u00edmbolo de valent\u00eda y determinaci\u00f3n al enfrentar las adversidades econ\u00f3micas vendiendo pastelitos en la calle. Su historia no solo destaca los desaf\u00edos individuales que enfrenta, sino que tambi\u00e9n genera una reflexi\u00f3n m\u00e1s amplia sobre la empat\u00eda y el respeto hacia aquellos que luchan incansablemente por superar situaciones dif\u00edciles.<\/p>\n<p>Originaria de Venezuela, Anah\u00ed abraza con coraje el desaf\u00edo de trabajar en la calle para cubrir los gastos relacionados con sus estudios, as\u00ed como para adquirir ropa y calzado. Esta elecci\u00f3n valiente ha desencadenado un di\u00e1logo significativo sobre la importancia de preservar la dignidad y el respeto para quienes, como Anah\u00ed, enfrentan circunstancias econ\u00f3micas desafiantes.<\/p>\n<p>En una entrevista sincera y emotiva, Anah\u00ed comparti\u00f3 la presi\u00f3n social que enfrenta diariamente. Con l\u00e1grimas en los ojos, revel\u00f3 que sus amigas sienten verg\u00fcenza al estar con ella debido a su trabajo en la calle. A pesar de este desaf\u00edo emocional, Anah\u00ed muestra una fortaleza admirable al afirmar que no permitir\u00e1 que las opiniones de los dem\u00e1s afecten su autoestima y sus aspiraciones personales.<\/p>\n<p>En sus propias palabras, Anah\u00ed confes\u00f3: \u00abMis amigas dicen que les da pena andar conmigo porque yo trabajo en la calle\u00ab. Este testimonio revela la carga emocional que lleva la joven, pero al mismo tiempo demuestra su valent\u00eda al no dejarse afectar por el estigma social. Su determinaci\u00f3n de mantenerse firme en sus convicciones es un ejemplo para muchos que luchan contra la discriminaci\u00f3n y los prejuicios.<\/p>\n<p>Cuando se le pregunt\u00f3 sobre sus deseos m\u00e1s simples, Anah\u00ed mencion\u00f3 la necesidad de ropa, zapatos y el deseo de contar con un tel\u00e9fono celular. Estos modestos anhelos reflejan las necesidades b\u00e1sicas que muchos dan por sentadas y subrayan la realidad de aquellos j\u00f3venes que enfrentan dificultades econ\u00f3micas.<\/p>\n<p>Aunque la situaci\u00f3n de Anah\u00ed podr\u00eda generar tristeza, su historia se eleva como un testimonio de esperanza y perseverancia. La joven demuestra una determinaci\u00f3n inquebrantable al afirmar que saldr\u00e1 adelante a pesar de las adversidades. Su valent\u00eda ha resonado en las redes sociales, convirti\u00e9ndola en un s\u00edmbolo de fuerza y resiliencia.<\/p>\n<p>La historia de Anah\u00ed, la cual puedes conocer en el siguiente video, no solo destaca sus desaf\u00edos individuales, sino que tambi\u00e9n genera una reflexi\u00f3n m\u00e1s amplia sobre la importancia de la empat\u00eda y el respeto hacia aquellos que trabajan incansablemente para superar situaciones dif\u00edciles. La comunidad digital ha respondido con mensajes de apoyo y solidaridad, reconociendo la admirable actitud de Anah\u00ed ante la vida.<\/p>\n<blockquote class=\"tiktok-embed\" cite=\"https:\/\/www.tiktok.com\/@soyvidalv\/video\/7305558653048802565\" data-video-id=\"7305558653048802565\" style=\"max-width: 605px;min-width: 325px;\" >\n<section> <a target=\"_blank\" title=\"@soyvidalv\" href=\"https:\/\/www.tiktok.com\/@soyvidalv?refer=embed\" rel=\"noopener\">@soyvidalv<\/a> El trabajo no deshonra Si te gustaria ayudar escribeme por instagram soyvidalve  <a title=\"soyvidalv\" target=\"_blank\" href=\"https:\/\/www.tiktok.com\/tag\/soyvidalv?refer=embed\" rel=\"noopener\">#soyvidalv<\/a> <a title=\"barquisimeto\" target=\"_blank\" href=\"https:\/\/www.tiktok.com\/tag\/barquisimeto?refer=embed\" rel=\"noopener\">#barquisimeto<\/a> <a target=\"_blank\" title=\"\u266c Stories 2 - Danilo Stankovic\" href=\"https:\/\/www.tiktok.com\/music\/Stories-2-6777279827805390850?refer=embed\" rel=\"noopener\">\u266c Stories 2 &#8211; Danilo Stankovic<\/a> <\/section>\n<\/blockquote>\n<p> <script async src=\"https:\/\/www.tiktok.com\/embed.js\"><\/script><\/p>\n<p>En un mundo donde la imagen y la percepci\u00f3n social a menudo dictan las narrativas, la historia de Anah\u00ed se presenta como un recordatorio poderoso de que la verdadera fortaleza reside en la autenticidad y la valent\u00eda para enfrentar las dificultades con determinaci\u00f3n. Su historia contin\u00faa inspirando a muchos, record\u00e1ndonos que cada individuo tiene el poder de escribir su propio camino hacia el \u00e9xito, independientemente de las circunstancias iniciales.<\/p>\n","protected":false},"excerpt":{"rendered":"<p>En el vasto escenario digital, emerge una historia conmovedora que est\u00e1 capturando la atenci\u00f3n y el coraz\u00f3n de la comunidad en l\u00ednea. Anah\u00ed, una joven venezolana de 17 a\u00f1os, se ha convertido en un s\u00edmbolo de valent\u00eda y determinaci\u00f3n al enfrentar las adversidades econ\u00f3micas vendiendo pastelitos en la calle. Su historia no solo destaca los [&hellip;]<\/p>\n","protected":false},"author":1,"featured_media":1635,"comment_status":"open","ping_status":"open","sticky":false,"template":"","format":"standard","meta":{"footnotes":""},"categories":[1],"tags":[],"class_list":["post-1634","post","type-post","status-publish","format-standard","has-post-thumbnail","hentry","category-uncategorized"],"_links":{"self":[{"href":"https:\/\/a.globoviral.com\/index.php?rest_route=\/wp\/v2\/posts\/1634","targetHints":{"allow":["GET"]}}],"collection":[{"href":"https:\/\/a.globoviral.com\/index.php?rest_route=\/wp\/v2\/posts"}],"about":[{"href":"https:\/\/a.globoviral.com\/index.php?rest_route=\/wp\/v2\/types\/post"}],"author":[{"embeddable":true,"href":"https:\/\/a.globoviral.com\/index.php?rest_route=\/wp\/v2\/users\/1"}],"replies":[{"embeddable":true,"href":"https:\/\/a.globoviral.com\/index.php?rest_route=%2Fwp%2Fv2%2Fcomments&post=1634"}],"version-history":[{"count":1,"href":"https:\/\/a.globoviral.com\/index.php?rest_route=\/wp\/v2\/posts\/1634\/revisions"}],"predecessor-version":[{"id":1636,"href":"https:\/\/a.globoviral.com\/index.php?rest_route=\/wp\/v2\/posts\/1634\/revisions\/1636"}],"wp:featuredmedia":[{"embeddable":true,"href":"https:\/\/a.globoviral.com\/index.php?rest_route=\/wp\/v2\/media\/1635"}],"wp:attachment":[{"href":"https:\/\/a.globoviral.com\/index.php?rest_route=%2Fwp%2Fv2%2Fmedia&parent=1634"}],"wp:term":[{"taxonomy":"category","embeddable":true,"href":"https:\/\/a.globoviral.com\/index.php?rest_route=%2Fwp%2Fv2%2Fcategories&post=1634"},{"taxonomy":"post_tag","embeddable":true,"href":"https:\/\/a.globoviral.com\/index.php?rest_route=%2Fwp%2Fv2%2Ftags&post=1634"}],"curies":[{"name":"wp","href":"https:\/\/api.w.org\/{rel}","templated":true}]}}