{"id":169,"date":"2023-01-21T16:37:25","date_gmt":"2023-01-21T16:37:25","guid":{"rendered":"https:\/\/a.globoviral.com\/?p=169"},"modified":"2023-01-21T16:37:26","modified_gmt":"2023-01-21T16:37:26","slug":"jeancarlos-canela-no-aprueba-la-forma-en-la-que-se-expreso-shakira-es-que-hay-ninos-de-por-medio","status":"publish","type":"post","link":"https:\/\/a.globoviral.com\/?p=169","title":{"rendered":"JEANCARLOS CANELA NO APRUEBA LA FORMA EN LA QUE SE EXPRES\u00d3 SHAKIRA: \u201cES QUE HAY NI\u00d1OS DE POR MEDIO\u201d"},"content":{"rendered":"<p>Mientras que varias personas llenaron de aplausos a Shakira por su nuevo sencillo dedicado a Gerard Piqu\u00e9 y su nueva novia, Clara Ch\u00eda Mart\u00ed, otros han manifestado no estar del todo de acuerdo con el modo y la forma en la que la colombiana expres\u00f3 su situaci\u00f3n.<\/p>\n<p>Una de las personas que hizo cr\u00edticas sobre el tema que sac\u00f3 la colombiana junto a Bizarrap, fue el actor estadounidense de origen cubano Jeancarlo Canela, quien manifest\u00f3 ver \u201ccontradicciones\u201d en la letra que le dedicaron a Piqu\u00e9.<\/p>\n<p><img loading=\"lazy\" decoding=\"async\" class=\"aligncenter wp-image-2414 size-full\" src=\"https:\/\/acentofinal.xyz\/wp-content\/uploads\/2023\/01\/Captura-de-Pantalla-2023-01-18-a-las-15.34.22.jpg\" alt=\"\" width=\"728\" height=\"1281\"><\/p>\n<p>El tambi\u00e9n cantante debati\u00f3 sobre el tema a trav\u00e9s de sus historias de Instagram, interactuando con sus seguidores en una tanda de \u2018preguntas y respuestas\u2019. Comenz\u00f3 explicando que la canci\u00f3n le encant\u00f3, que respeta a ambos artistas y que deseaba principalmente iniciar la conversaci\u00f3n \u201cpara que las mujeres en esta plataforma me eduquen\u201d.<\/p>\n<p>Seg\u00fan \u2018Cibercuba\u2019, dijo que si \u00e9l y su ex, la actriz venezolana Gaby Espino, hubieran publicado lo que pas\u00f3 tras bambalina tras su separaci\u00f3n, la tiradera de Shakira \u201cser\u00eda un chiste\u201d, asegurando que no esta no fue muy pac\u00edfica.<\/p>\n<p><img loading=\"lazy\" decoding=\"async\" class=\"aligncenter wp-image-2415 size-full\" src=\"https:\/\/acentofinal.xyz\/wp-content\/uploads\/2023\/01\/Captura-de-Pantalla-2023-01-18-a-las-15.32.36.jpg\" alt=\"\" width=\"728\" height=\"1284\"><\/p>\n<p>Tomando esto como ejemplo y recordando que \u00e9l junto a la venezolana tienen un hijo en com\u00fan, el cubano indic\u00f3 que no le gust\u00f3 el hecho de que haya ni\u00f1os de promedio en estos problemas: \u201cCon o sin ni\u00f1os no es la manera m\u00e1s saludable de lidiar con tu dolor, pero cuando hay ni\u00f1os de por medio pensar que esto no les va a hacer da\u00f1o, es ser ignorante\u201d, dijo.<\/p>\n<p>\u201cNo te imaginas el da\u00f1o psicol\u00f3gico que le est\u00e1s haciendo. Le est\u00e1s fomentando odio por su padre, cuando la realidad es que pudo haber sido un horrible esposo, pero no necesariamente quiere decir que es mal padre\u201d, sum\u00f3.<\/p>\n<p><iframe loading=\"lazy\" title=\"YouTube video player\" src=\"https:\/\/www.youtube.com\/embed\/FHE7ltixYD0\" width=\"560\" height=\"315\" frameborder=\"0\" allowfullscreen=\"allowfullscreen\"><\/iframe><\/p>\n","protected":false},"excerpt":{"rendered":"<p>Mientras que varias personas llenaron de aplausos a Shakira por su nuevo sencillo dedicado a Gerard Piqu\u00e9 y su nueva novia, Clara Ch\u00eda Mart\u00ed, otros han manifestado no estar del todo de acuerdo con el modo y la forma en la que la colombiana expres\u00f3 su situaci\u00f3n. Una de las personas que hizo cr\u00edticas sobre [&hellip;]<\/p>\n","protected":false},"author":1,"featured_media":170,"comment_status":"open","ping_status":"open","sticky":false,"template":"","format":"standard","meta":{"footnotes":""},"categories":[1],"tags":[],"class_list":["post-169","post","type-post","status-publish","format-standard","has-post-thumbnail","hentry","category-uncategorized"],"_links":{"self":[{"href":"https:\/\/a.globoviral.com\/index.php?rest_route=\/wp\/v2\/posts\/169","targetHints":{"allow":["GET"]}}],"collection":[{"href":"https:\/\/a.globoviral.com\/index.php?rest_route=\/wp\/v2\/posts"}],"about":[{"href":"https:\/\/a.globoviral.com\/index.php?rest_route=\/wp\/v2\/types\/post"}],"author":[{"embeddable":true,"href":"https:\/\/a.globoviral.com\/index.php?rest_route=\/wp\/v2\/users\/1"}],"replies":[{"embeddable":true,"href":"https:\/\/a.globoviral.com\/index.php?rest_route=%2Fwp%2Fv2%2Fcomments&post=169"}],"version-history":[{"count":1,"href":"https:\/\/a.globoviral.com\/index.php?rest_route=\/wp\/v2\/posts\/169\/revisions"}],"predecessor-version":[{"id":171,"href":"https:\/\/a.globoviral.com\/index.php?rest_route=\/wp\/v2\/posts\/169\/revisions\/171"}],"wp:featuredmedia":[{"embeddable":true,"href":"https:\/\/a.globoviral.com\/index.php?rest_route=\/wp\/v2\/media\/170"}],"wp:attachment":[{"href":"https:\/\/a.globoviral.com\/index.php?rest_route=%2Fwp%2Fv2%2Fmedia&parent=169"}],"wp:term":[{"taxonomy":"category","embeddable":true,"href":"https:\/\/a.globoviral.com\/index.php?rest_route=%2Fwp%2Fv2%2Fcategories&post=169"},{"taxonomy":"post_tag","embeddable":true,"href":"https:\/\/a.globoviral.com\/index.php?rest_route=%2Fwp%2Fv2%2Ftags&post=169"}],"curies":[{"name":"wp","href":"https:\/\/api.w.org\/{rel}","templated":true}]}}