{"id":374,"date":"2023-02-15T15:57:40","date_gmt":"2023-02-15T15:57:40","guid":{"rendered":"https:\/\/a.globoviral.com\/?p=374"},"modified":"2023-02-15T15:57:41","modified_gmt":"2023-02-15T15:57:41","slug":"le-llovieron-criticas-a-shakira-por-llevar-a-sus-hijos-al-colegio-vestida-asi","status":"publish","type":"post","link":"https:\/\/a.globoviral.com\/?p=374","title":{"rendered":"Le llovieron criticas a Shakira por llevar a sus hijos al colegio vestida as\u00ed."},"content":{"rendered":"\n<p>A veces solemos pensar que aunque los actores, cantantes y otros artistas son famosos en todo el mundo, tambi\u00e9n son gente com\u00fan y que tienen deberes al igual que nosotros.<\/p>\n\n\n\n<p>Hace unos d\u00edas comenzaron a circular en medios de todo el mundo im\u00e1genes de la cantante colombiana recogiendo a sus hijos Milan y Sasha de la escuela, a simple vista todo parec\u00eda normal, pero la artista de 41 a\u00f1os fue criticada por<\/p>\n\n\n\n<p>la exhibici\u00f3n de su atuendo ya que se present\u00f3 en shorts frente a todo el mundo, y dijeron que le quedaban demasiado cortos.<\/p>\n\n\n\n<p>Incluso hicieron comentarios como \u00abno deber\u00edas usar esto fuera del escenario a tu edad\u00bb, pero otros estaban muy molestos con los comentarios negativos y siempre defendieron a su cantante favorita, de hecho, los shorts son muy casuales, puedes usarlos con lo que quieras.<\/p>\n\n\n\n<p>A pesar de las cr\u00edticas por su forma de vestir, los seguidores de Shakira est\u00e1n llamando la atenci\u00f3n sobre lo que<\/p>\n\n\n\n<p>realmente importa: su amor por los ni\u00f1os, y es que en realidad eso es lo que es importante, de que vale que una<\/p>\n\n\n\n<p>madre ande forrada hasta el cuello si no demuestra amor a sus hijos.<\/p>\n","protected":false},"excerpt":{"rendered":"<p>A veces solemos pensar que aunque los actores, cantantes y otros artistas son famosos en todo el mundo, tambi\u00e9n son gente com\u00fan y que tienen deberes al igual que nosotros. Hace unos d\u00edas comenzaron a circular en medios de todo el mundo im\u00e1genes de la cantante colombiana recogiendo a sus hijos Milan y Sasha de [&hellip;]<\/p>\n","protected":false},"author":1,"featured_media":375,"comment_status":"open","ping_status":"open","sticky":false,"template":"","format":"standard","meta":{"footnotes":""},"categories":[1],"tags":[],"class_list":["post-374","post","type-post","status-publish","format-standard","has-post-thumbnail","hentry","category-uncategorized"],"_links":{"self":[{"href":"https:\/\/a.globoviral.com\/index.php?rest_route=\/wp\/v2\/posts\/374","targetHints":{"allow":["GET"]}}],"collection":[{"href":"https:\/\/a.globoviral.com\/index.php?rest_route=\/wp\/v2\/posts"}],"about":[{"href":"https:\/\/a.globoviral.com\/index.php?rest_route=\/wp\/v2\/types\/post"}],"author":[{"embeddable":true,"href":"https:\/\/a.globoviral.com\/index.php?rest_route=\/wp\/v2\/users\/1"}],"replies":[{"embeddable":true,"href":"https:\/\/a.globoviral.com\/index.php?rest_route=%2Fwp%2Fv2%2Fcomments&post=374"}],"version-history":[{"count":1,"href":"https:\/\/a.globoviral.com\/index.php?rest_route=\/wp\/v2\/posts\/374\/revisions"}],"predecessor-version":[{"id":376,"href":"https:\/\/a.globoviral.com\/index.php?rest_route=\/wp\/v2\/posts\/374\/revisions\/376"}],"wp:featuredmedia":[{"embeddable":true,"href":"https:\/\/a.globoviral.com\/index.php?rest_route=\/wp\/v2\/media\/375"}],"wp:attachment":[{"href":"https:\/\/a.globoviral.com\/index.php?rest_route=%2Fwp%2Fv2%2Fmedia&parent=374"}],"wp:term":[{"taxonomy":"category","embeddable":true,"href":"https:\/\/a.globoviral.com\/index.php?rest_route=%2Fwp%2Fv2%2Fcategories&post=374"},{"taxonomy":"post_tag","embeddable":true,"href":"https:\/\/a.globoviral.com\/index.php?rest_route=%2Fwp%2Fv2%2Ftags&post=374"}],"curies":[{"name":"wp","href":"https:\/\/api.w.org\/{rel}","templated":true}]}}