{"id":397,"date":"2023-02-18T17:32:25","date_gmt":"2023-02-18T17:32:25","guid":{"rendered":"https:\/\/a.globoviral.com\/?p=397"},"modified":"2023-02-18T17:32:27","modified_gmt":"2023-02-18T17:32:27","slug":"carolina-herrera-solo-las-mujeres-sin-clase-llevan-el-cabello-largo-despues-de-los-40-anos","status":"publish","type":"post","link":"https:\/\/a.globoviral.com\/?p=397","title":{"rendered":"CAROLINA HERRERA: \u201cSOLO LAS MUJERES SIN CLASE LLEVAN EL CABELLO LARGO DESPU\u00c9S DE LOS 40 A\u00d1OS\u201d"},"content":{"rendered":"<p>La conocida dise\u00f1adora de modas Carolina Herrera, naci\u00f3 el 8 de enero de 1939 en Caracas Venezuela, siempre se acostumbr\u00f3 a la gran vida ya que su familia pertenec\u00eda a las m\u00e1s adineradas de Venezuela. En la actualidad reside en Nueva York, en el barrio Upper East Side, el m\u00e1s adinerado de la ciudad.<\/p>\n<p>Siempre se la ve impecable y resalta la moda por donde quiera que pase, dejando en evidencia de la alta sociedad.<\/p>\n<p>Pero tiempo atr\u00e1s en una entrevista de Daily Mail la refinada mujer se convirti\u00f3 en el centro de cr\u00edticas debido a las declaraciones en contra de las mujeres de m\u00e1s de 40 a\u00f1os, esto ofendi\u00f3 a muchas mujeres hasta inclusive a sus clientes.<\/p>\n<p><img loading=\"lazy\" decoding=\"async\" class=\"aligncenter wp-image-2512 size-full\" src=\"https:\/\/acentofinal.xyz\/wp-content\/uploads\/2023\/02\/carolina-herrera-747x420.jpg\" alt=\"\" width=\"747\" height=\"420\"><\/p>\n<p>Esto sin duda alguna fue una declaraci\u00f3n bastante fuerte y ha dejado a m\u00e1s de una bastante ofendida y con la autoestima por el suelo. Adem\u00e1s de que es una total falta de respeto a sus millones de clientes que la han seguido en \u00e1mbito de la moda.<\/p>\n<p>Muchas de las famosas que han lucido sus prendas para aumentar el prestigio de la marca, desde cantantes, actrices y modelos se han visto afectadas por el comentario con tan poco tacto de parte de la dise\u00f1adora. En la misma entrevista tambi\u00e9n comento: \u00abLas minifaldas son para las jovencitas, as\u00ed como los bikinis.<\/p>\n<p>\u201cNo hay nada que envejezca m\u00e1s a una mujer que vestirse de joven\u201d 2.\u201cNo es recomendable el uso de jeans\u201d 3. \u201cNo es recomendable el uso de la minifalda\u201d 4. \u201cNo es recomendable el cabello largo\u201d<\/p>\n","protected":false},"excerpt":{"rendered":"<p>La conocida dise\u00f1adora de modas Carolina Herrera, naci\u00f3 el 8 de enero de 1939 en Caracas Venezuela, siempre se acostumbr\u00f3 a la gran vida ya que su familia pertenec\u00eda a las m\u00e1s adineradas de Venezuela. En la actualidad reside en Nueva York, en el barrio Upper East Side, el m\u00e1s adinerado de la ciudad. Siempre [&hellip;]<\/p>\n","protected":false},"author":1,"featured_media":398,"comment_status":"open","ping_status":"open","sticky":false,"template":"","format":"standard","meta":{"footnotes":""},"categories":[1],"tags":[],"class_list":["post-397","post","type-post","status-publish","format-standard","has-post-thumbnail","hentry","category-uncategorized"],"_links":{"self":[{"href":"https:\/\/a.globoviral.com\/index.php?rest_route=\/wp\/v2\/posts\/397","targetHints":{"allow":["GET"]}}],"collection":[{"href":"https:\/\/a.globoviral.com\/index.php?rest_route=\/wp\/v2\/posts"}],"about":[{"href":"https:\/\/a.globoviral.com\/index.php?rest_route=\/wp\/v2\/types\/post"}],"author":[{"embeddable":true,"href":"https:\/\/a.globoviral.com\/index.php?rest_route=\/wp\/v2\/users\/1"}],"replies":[{"embeddable":true,"href":"https:\/\/a.globoviral.com\/index.php?rest_route=%2Fwp%2Fv2%2Fcomments&post=397"}],"version-history":[{"count":1,"href":"https:\/\/a.globoviral.com\/index.php?rest_route=\/wp\/v2\/posts\/397\/revisions"}],"predecessor-version":[{"id":399,"href":"https:\/\/a.globoviral.com\/index.php?rest_route=\/wp\/v2\/posts\/397\/revisions\/399"}],"wp:featuredmedia":[{"embeddable":true,"href":"https:\/\/a.globoviral.com\/index.php?rest_route=\/wp\/v2\/media\/398"}],"wp:attachment":[{"href":"https:\/\/a.globoviral.com\/index.php?rest_route=%2Fwp%2Fv2%2Fmedia&parent=397"}],"wp:term":[{"taxonomy":"category","embeddable":true,"href":"https:\/\/a.globoviral.com\/index.php?rest_route=%2Fwp%2Fv2%2Fcategories&post=397"},{"taxonomy":"post_tag","embeddable":true,"href":"https:\/\/a.globoviral.com\/index.php?rest_route=%2Fwp%2Fv2%2Ftags&post=397"}],"curies":[{"name":"wp","href":"https:\/\/api.w.org\/{rel}","templated":true}]}}