{"id":452,"date":"2023-02-28T14:52:58","date_gmt":"2023-02-28T14:52:58","guid":{"rendered":"https:\/\/a.globoviral.com\/?p=452"},"modified":"2023-02-28T14:52:58","modified_gmt":"2023-02-28T14:52:58","slug":"pique-y-clara-chia-expulsados-de-un-restaurante-porque-su-dueno-es-fan-de-shakira","status":"publish","type":"post","link":"https:\/\/a.globoviral.com\/?p=452","title":{"rendered":"Piqu\u00e9 y Clara Chia expulsados de un restaurante porque su due\u00f1o es fan de Shakira."},"content":{"rendered":"<p>Gerard Piqu\u00e9 y su relaci\u00f3n con Clara Ch\u00eda Mart\u00ed siguen generando titulares d\u00eda tras d\u00eda, despu\u00e9s de su ruptura con la cantante colombiana Shakira. En los \u00faltimos d\u00edas, el ex futbolista ha acaparado los medios por varios motivos.<\/p>\n<p>Por un lado, se inform\u00f3 en El Tiempo que Piqu\u00e9 hab\u00eda tenido desacuerdos con algunos socios de la \u00abKings League\u00bb, de la que \u00e9l es presidente, debido a decisiones arbitrales. Esto gener\u00f3 un gran revuelo y se convirti\u00f3 en uno de los temas m\u00e1s comentados en las redes sociales.<\/p>\n<p>Por otro lado, un video que se filtr\u00f3 en las redes sociales y se hizo viral mostraba a Piqu\u00e9 y a su pareja, Clara Ch\u00eda, saliendo de un restaurante visiblemente molestos. Seg\u00fan testigos, el lugar pertenec\u00eda a un seguidor de Shakira, quien al ver a la pareja no les habr\u00eda permitido quedarse y los habr\u00eda expulsado del lugar.<\/p>\n<p>Sin embargo, una cuenta de fans de la pareja en Twitter desminti\u00f3 esta versi\u00f3n y afirm\u00f3 que el video no correspond\u00eda a esa situaci\u00f3n, sino que Piqu\u00e9 y Clara Ch\u00eda sal\u00edan de otro sitio. Con esta explicaci\u00f3n, se desminti\u00f3 la versi\u00f3n de algunos medios espa\u00f1oles que afirmaban que la pareja hab\u00eda sido expulsada del restaurante.<\/p>\n<p>Desde que Piqu\u00e9 oficializ\u00f3 su relaci\u00f3n con Clara Ch\u00eda en enero de este a\u00f1o, se ha mostrado cada vez menos t\u00edmido con las demostraciones de amor en p\u00fablico y con las confesiones respecto al romance que sostiene con la joven de 23 a\u00f1os. Cada salida p\u00fablica de la pareja se convierte en un espect\u00e1culo medi\u00e1tico y en una situaci\u00f3n inc\u00f3moda para ellos debido al asedio de la prensa y de los seguidores.<\/p>\n<blockquote class=\"tiktok-embed\" style=\"max-width: 605px; min-width: 325px;\" cite=\"https:\/\/www.tiktok.com\/@lande1111\/video\/7200990164410322219\" data-video-id=\"7200990164410322219\">\n<section><a title=\"@lande1111\" href=\"https:\/\/www.tiktok.com\/@lande1111?refer=embed\" target=\"_blank\" rel=\"noopener\">@lande1111<\/a><a title=\"\u266c sonido original - Laura\" href=\"https:\/\/www.tiktok.com\/music\/sonido-original-7200990228662831915?refer=embed\" target=\"_blank\" rel=\"noopener\">\u266c sonido original &#8211; Laura<\/a><\/p>\n<\/section>\n<\/blockquote>\n<p><script async=\"\" src=\"https:\/\/www.tiktok.com\/embed.js\"><\/script><\/p>\n<p>En las redes sociales, hay quienes defienden a la pareja y quienes critican su comportamiento en p\u00fablico. \u00ab\u00bfComo se llama ese restaurante? para ir y felicitar al due\u00f1o, es un gran hombre que actu\u00f3 en nombre de todos nosotros para defender a nuestra reina\u00ab, \u00abHay que felicitar a ese buen hombre por actuar de esa manera. Espero que todos los establecimientos hagan lo mismo y echen a esta pareja de infieles\u00bb, \u00abEn mi negocio voy a poner un cartel que diga \u00abClara-mente libre de traidores. Aplaudo su accionar\u00bb, fueron algunos de los comentarios.<\/p>\n<p><img loading=\"lazy\" decoding=\"async\" class=\"aligncenter wp-image-2539 size-full\" src=\"https:\/\/acentofinal.xyz\/wp-content\/uploads\/2023\/02\/63f427cfdb282.jpg\" alt=\"\" width=\"1200\" height=\"720\"><\/p>\n<p>Lo cierto es que Gerard Piqu\u00e9 sigue siendo una figura medi\u00e1tica de gran relevancia, tanto por su carrera como futbolista como por su vida personal. En definitiva, el mundo del espect\u00e1culo y de la far\u00e1ndula seguir\u00e1 atento a los movimientos de Piqu\u00e9 y de Clara Ch\u00eda, quienes han generado un gran inter\u00e9s en los \u00faltimos meses. Solo el tiempo dir\u00e1 qu\u00e9 les depara el futuro a esta pol\u00e9mica pareja.<\/p>\n","protected":false},"excerpt":{"rendered":"<p>Gerard Piqu\u00e9 y su relaci\u00f3n con Clara Ch\u00eda Mart\u00ed siguen generando titulares d\u00eda tras d\u00eda, despu\u00e9s de su ruptura con la cantante colombiana Shakira. En los \u00faltimos d\u00edas, el ex futbolista ha acaparado los medios por varios motivos. Por un lado, se inform\u00f3 en El Tiempo que Piqu\u00e9 hab\u00eda tenido desacuerdos con algunos socios de [&hellip;]<\/p>\n","protected":false},"author":1,"featured_media":453,"comment_status":"open","ping_status":"open","sticky":false,"template":"","format":"standard","meta":{"footnotes":""},"categories":[1],"tags":[],"class_list":["post-452","post","type-post","status-publish","format-standard","has-post-thumbnail","hentry","category-uncategorized"],"_links":{"self":[{"href":"https:\/\/a.globoviral.com\/index.php?rest_route=\/wp\/v2\/posts\/452","targetHints":{"allow":["GET"]}}],"collection":[{"href":"https:\/\/a.globoviral.com\/index.php?rest_route=\/wp\/v2\/posts"}],"about":[{"href":"https:\/\/a.globoviral.com\/index.php?rest_route=\/wp\/v2\/types\/post"}],"author":[{"embeddable":true,"href":"https:\/\/a.globoviral.com\/index.php?rest_route=\/wp\/v2\/users\/1"}],"replies":[{"embeddable":true,"href":"https:\/\/a.globoviral.com\/index.php?rest_route=%2Fwp%2Fv2%2Fcomments&post=452"}],"version-history":[{"count":1,"href":"https:\/\/a.globoviral.com\/index.php?rest_route=\/wp\/v2\/posts\/452\/revisions"}],"predecessor-version":[{"id":454,"href":"https:\/\/a.globoviral.com\/index.php?rest_route=\/wp\/v2\/posts\/452\/revisions\/454"}],"wp:featuredmedia":[{"embeddable":true,"href":"https:\/\/a.globoviral.com\/index.php?rest_route=\/wp\/v2\/media\/453"}],"wp:attachment":[{"href":"https:\/\/a.globoviral.com\/index.php?rest_route=%2Fwp%2Fv2%2Fmedia&parent=452"}],"wp:term":[{"taxonomy":"category","embeddable":true,"href":"https:\/\/a.globoviral.com\/index.php?rest_route=%2Fwp%2Fv2%2Fcategories&post=452"},{"taxonomy":"post_tag","embeddable":true,"href":"https:\/\/a.globoviral.com\/index.php?rest_route=%2Fwp%2Fv2%2Ftags&post=452"}],"curies":[{"name":"wp","href":"https:\/\/api.w.org\/{rel}","templated":true}]}}