{"id":585,"date":"2023-03-21T12:57:39","date_gmt":"2023-03-21T12:57:39","guid":{"rendered":"https:\/\/a.globoviral.com\/?p=585"},"modified":"2023-03-21T12:57:40","modified_gmt":"2023-03-21T12:57:40","slug":"video-gerard-pique-confiesa-la-historia-detras-de-la-fotografia-con-otro-hombre","status":"publish","type":"post","link":"https:\/\/a.globoviral.com\/?p=585","title":{"rendered":"VIDEO GERARD PIQU\u00c9 CONFIESA LA HISTORIA DETR\u00c1S DE LA FOTOGRAF\u00cdA CON OTRO HOMBRE"},"content":{"rendered":"<p>Gerard Piqu\u00e9 finalmente ha revelado los detalles de la pol\u00e9mica foto que se hizo viral en el a\u00f1o 2010, en la que se dice que llevaba una relaci\u00f3n con el delantero sueco Zlatan Ibrahimovic.<\/p>\n<p>Esta foto fue tomada en el estacionamiento del campo de entrenamiento del FC Barcelona. Ibrahimovic, que lleg\u00f3 en 2009-2010 al comienzo de la temporada 2012, pero solo se qued\u00f3 en el club un a\u00f1o, dijo que ten\u00eda una \u00abmala relaci\u00f3n\u00bb con el entrenador Pep Guardiola.<\/p>\n<p><img loading=\"lazy\" decoding=\"async\" class=\"aligncenter wp-image-2623 size-full\" src=\"https:\/\/acentofinal.xyz\/wp-content\/uploads\/2023\/03\/1-11.jpg\" alt=\"\" width=\"400\" height=\"400\"><\/p>\n<p>Zlatan Ibrahimovic es un conocido futbolista que ha demostrado su talento en varios de los principales clubes europeos, especialmente en la red rival, adem\u00e1s de sobresalir en la selecci\u00f3n de su pa\u00eds, Suecia, hablando con el youtuber Ibai Llanos despu\u00e9s de la Liga de Reyes, Piqu\u00e9 comparti\u00f3 lo que pas\u00f3. \u201cEn esta foto estamos en el estacionamiento del club.<\/p>\n<p>Ah\u00ed est\u00e1 mi coche y los medios. Puedo comer burro con Zlatan, pero no en el parking del club\u00bb, dijo Piqu\u00e9. El exjugador de la Copa del Mundo de Espa\u00f1a dijo que los tabloides sacaron la foto de contexto y que un reportero incluso le pregunt\u00f3 si se sent\u00eda atra\u00eddo por su mismo g\u00e9nero. \u00abEsta imagen est\u00e1 completamente sacada de contexto. Lo m\u00e1s importante es la reacci\u00f3n de Zlatan\u00bb, agreg\u00f3 entre risas.<\/p>\n<p><iframe loading=\"lazy\" title=\"YouTube video player\" src=\"https:\/\/www.youtube.com\/embed\/390fhpea1Ww\" width=\"560\" height=\"315\" frameborder=\"0\" allowfullscreen=\"allowfullscreen\"><\/iframe><\/p>\n","protected":false},"excerpt":{"rendered":"<p>Gerard Piqu\u00e9 finalmente ha revelado los detalles de la pol\u00e9mica foto que se hizo viral en el a\u00f1o 2010, en la que se dice que llevaba una relaci\u00f3n con el delantero sueco Zlatan Ibrahimovic. Esta foto fue tomada en el estacionamiento del campo de entrenamiento del FC Barcelona. Ibrahimovic, que lleg\u00f3 en 2009-2010 al comienzo [&hellip;]<\/p>\n","protected":false},"author":1,"featured_media":586,"comment_status":"open","ping_status":"open","sticky":false,"template":"","format":"standard","meta":{"footnotes":""},"categories":[1],"tags":[],"class_list":["post-585","post","type-post","status-publish","format-standard","has-post-thumbnail","hentry","category-uncategorized"],"_links":{"self":[{"href":"https:\/\/a.globoviral.com\/index.php?rest_route=\/wp\/v2\/posts\/585","targetHints":{"allow":["GET"]}}],"collection":[{"href":"https:\/\/a.globoviral.com\/index.php?rest_route=\/wp\/v2\/posts"}],"about":[{"href":"https:\/\/a.globoviral.com\/index.php?rest_route=\/wp\/v2\/types\/post"}],"author":[{"embeddable":true,"href":"https:\/\/a.globoviral.com\/index.php?rest_route=\/wp\/v2\/users\/1"}],"replies":[{"embeddable":true,"href":"https:\/\/a.globoviral.com\/index.php?rest_route=%2Fwp%2Fv2%2Fcomments&post=585"}],"version-history":[{"count":1,"href":"https:\/\/a.globoviral.com\/index.php?rest_route=\/wp\/v2\/posts\/585\/revisions"}],"predecessor-version":[{"id":587,"href":"https:\/\/a.globoviral.com\/index.php?rest_route=\/wp\/v2\/posts\/585\/revisions\/587"}],"wp:featuredmedia":[{"embeddable":true,"href":"https:\/\/a.globoviral.com\/index.php?rest_route=\/wp\/v2\/media\/586"}],"wp:attachment":[{"href":"https:\/\/a.globoviral.com\/index.php?rest_route=%2Fwp%2Fv2%2Fmedia&parent=585"}],"wp:term":[{"taxonomy":"category","embeddable":true,"href":"https:\/\/a.globoviral.com\/index.php?rest_route=%2Fwp%2Fv2%2Fcategories&post=585"},{"taxonomy":"post_tag","embeddable":true,"href":"https:\/\/a.globoviral.com\/index.php?rest_route=%2Fwp%2Fv2%2Ftags&post=585"}],"curies":[{"name":"wp","href":"https:\/\/api.w.org\/{rel}","templated":true}]}}