{"id":629,"date":"2023-03-30T12:50:32","date_gmt":"2023-03-30T12:50:32","guid":{"rendered":"https:\/\/a.globoviral.com\/?p=629"},"modified":"2023-03-30T12:50:34","modified_gmt":"2023-03-30T12:50:34","slug":"un-fan-se-subio-al-escenario-durante-el-recital-de-belinda","status":"publish","type":"post","link":"https:\/\/a.globoviral.com\/?p=629","title":{"rendered":"Un fan se subi\u00f3 al escenario durante el recital de Belinda."},"content":{"rendered":"<p>Belinda, la cantante mexicana, fue v\u00edctima de acoso durante un concierto en la Feria de las Fresas en Guanajuato, el pasado 26 de marzo. Durante su actuaci\u00f3n, un fan\u00e1tico burl\u00f3 el cerco de seguridad, subi\u00f3 al escenario y abraz\u00f3 con fuerza a la artista, al grito de \u00abBelinda, te amo\u00bb. En un video que se hizo viral en las redes sociales, se ve c\u00f3mo el joven coloc\u00f3 la mano debajo de la falda de la cantante y apoy\u00f3 la cabeza en su pecho.<\/p>\n<p>Belinda intent\u00f3 soltarse de sus brazos y trat\u00f3 de calmar al acosador: \u00abSi respiras y te relajas, te juro que no te van a amarrar\u00bb, le dijo al hombre. Sin embargo, el fan\u00e1tico continu\u00f3 toc\u00e1ndola sin su consentimiento, llegando incluso a tocar su retaguardia. El personal de seguridad trat\u00f3 sin \u00e9xito de desprenderlo de ella.<\/p>\n<p>Finalmente, el hombre se tranquiliz\u00f3, dej\u00f3 a Belinda y fue escoltado fuera del escenario para que se incorporara al p\u00fablico. Minutos despu\u00e9s, la cantante le dio al hombre una botella de agua y le pidi\u00f3 que se calmara. \u00abQu\u00e9date ah\u00ed, te tomas esto y respiras porque casi te da algo. Me asustaste\u00bb, le dijo.<\/p>\n<p>Despu\u00e9s del incidente, Belinda comparti\u00f3 en sus redes sociales un mensaje sobre la agresi\u00f3n. \u00abEn el concierto de hoy se subi\u00f3 una persona al escenario, casi me tira y me lastim\u00f3. Adem\u00e1s del susto que me llev\u00e9, me duele mucho la espalda\u00bb, escribi\u00f3.<\/p>\n<p>El acoso que sufri\u00f3 Belinda ha sido criticado por varios medios de comunicaci\u00f3n, que han se\u00f1alado la necesidad de denunciar y erradicar la violencia contra las mujeres. En lugar de responsabilizar a la artista, se enfatiza en que el ataque fue obra del acosador.<\/p>\n<p>Belinda ha sido una figura p\u00fablica desde que era ni\u00f1a, y su \u00e9xito en la m\u00fasica la ha llevado a ser una de las cantantes m\u00e1s populares de M\u00e9xico y Latinoam\u00e9rica. Sin embargo, este incidente la muestra como una v\u00edctima m\u00e1s de la violencia de g\u00e9nero que afecta a las mujeres en todo el mundo.<\/p>\n<p>El acoso a mujeres en espacios p\u00fablicos es un problema grave en M\u00e9xico, donde las mujeres han sido v\u00edctimas de asesinatos, agresiones y violaciones en n\u00fameros alarmantes. La violencia sexual y el acoso son actos que no solo afectan a las mujeres en el pa\u00eds, sino que tambi\u00e9n tienen un efecto negativo en su salud mental y emocional.<\/p>\n<blockquote class=\"tiktok-embed\" style=\"max-width: 605px; min-width: 325px;\" cite=\"https:\/\/www.tiktok.com\/@marcomeza25\/video\/7215134065681337606\" data-video-id=\"7215134065681337606\">\n<section><a title=\"@marcomeza25\" href=\"https:\/\/www.tiktok.com\/@marcomeza25?refer=embed\" target=\"_blank\" rel=\"noopener\">@marcomeza25<\/a> En el teatro del Pueblo de la <a title=\"feriadelasfresas\" href=\"https:\/\/www.tiktok.com\/tag\/feriadelasfresas?refer=embed\" target=\"_blank\" rel=\"noopener\">#feriadelasfresas<\/a> de <a title=\"irapuato\" href=\"https:\/\/www.tiktok.com\/tag\/irapuato?refer=embed\" target=\"_blank\" rel=\"noopener\">#Irapuato<\/a> se present\u00f3 <a title=\"belinda\" href=\"https:\/\/www.tiktok.com\/tag\/belinda?refer=embed\" target=\"_blank\" rel=\"noopener\">#Belinda<\/a> y un fan le peg\u00f3 un susto pues no la queria soltar @belindatok <a title=\"\u266c sonido original - Marco Meza\" href=\"https:\/\/www.tiktok.com\/music\/sonido-original-7215134058161867526?refer=embed\" target=\"_blank\" rel=\"noopener\">\u266c sonido original &#8211; Marco Meza<\/a><\/section>\n<\/blockquote>\n<p><script async=\"\" src=\"https:\/\/www.tiktok.com\/embed.js\"><\/script><\/p>\n<p>Belinda, al igual que muchas mujeres en M\u00e9xico, ha experimentado el acoso en su vida diaria, y este episodio en el escenario fue solo un ejemplo m\u00e1s. Su caso demuestra la importancia de seguir luchando contra la violencia de g\u00e9nero y trabajar para crear espacios seguros para las mujeres en todo el mundo.<\/p>\n","protected":false},"excerpt":{"rendered":"<p>Belinda, la cantante mexicana, fue v\u00edctima de acoso durante un concierto en la Feria de las Fresas en Guanajuato, el pasado 26 de marzo. Durante su actuaci\u00f3n, un fan\u00e1tico burl\u00f3 el cerco de seguridad, subi\u00f3 al escenario y abraz\u00f3 con fuerza a la artista, al grito de \u00abBelinda, te amo\u00bb. En un video que se [&hellip;]<\/p>\n","protected":false},"author":1,"featured_media":630,"comment_status":"open","ping_status":"open","sticky":false,"template":"","format":"standard","meta":{"footnotes":""},"categories":[1],"tags":[],"class_list":["post-629","post","type-post","status-publish","format-standard","has-post-thumbnail","hentry","category-uncategorized"],"_links":{"self":[{"href":"https:\/\/a.globoviral.com\/index.php?rest_route=\/wp\/v2\/posts\/629","targetHints":{"allow":["GET"]}}],"collection":[{"href":"https:\/\/a.globoviral.com\/index.php?rest_route=\/wp\/v2\/posts"}],"about":[{"href":"https:\/\/a.globoviral.com\/index.php?rest_route=\/wp\/v2\/types\/post"}],"author":[{"embeddable":true,"href":"https:\/\/a.globoviral.com\/index.php?rest_route=\/wp\/v2\/users\/1"}],"replies":[{"embeddable":true,"href":"https:\/\/a.globoviral.com\/index.php?rest_route=%2Fwp%2Fv2%2Fcomments&post=629"}],"version-history":[{"count":1,"href":"https:\/\/a.globoviral.com\/index.php?rest_route=\/wp\/v2\/posts\/629\/revisions"}],"predecessor-version":[{"id":631,"href":"https:\/\/a.globoviral.com\/index.php?rest_route=\/wp\/v2\/posts\/629\/revisions\/631"}],"wp:featuredmedia":[{"embeddable":true,"href":"https:\/\/a.globoviral.com\/index.php?rest_route=\/wp\/v2\/media\/630"}],"wp:attachment":[{"href":"https:\/\/a.globoviral.com\/index.php?rest_route=%2Fwp%2Fv2%2Fmedia&parent=629"}],"wp:term":[{"taxonomy":"category","embeddable":true,"href":"https:\/\/a.globoviral.com\/index.php?rest_route=%2Fwp%2Fv2%2Fcategories&post=629"},{"taxonomy":"post_tag","embeddable":true,"href":"https:\/\/a.globoviral.com\/index.php?rest_route=%2Fwp%2Fv2%2Ftags&post=629"}],"curies":[{"name":"wp","href":"https:\/\/api.w.org\/{rel}","templated":true}]}}