{"id":659,"date":"2023-04-03T14:15:01","date_gmt":"2023-04-03T14:15:01","guid":{"rendered":"https:\/\/a.globoviral.com\/?p=659"},"modified":"2023-04-03T14:15:04","modified_gmt":"2023-04-03T14:15:04","slug":"se-durmio-y-no-desperto-dice-madre-de-bebe-de-1-mes","status":"publish","type":"post","link":"https:\/\/a.globoviral.com\/?p=659","title":{"rendered":"\u2018SE DURMI\u00d3 Y NO DESPERT\u00d3\u2019, DICE MADRE DE BEB\u00c9 DE 1 MES"},"content":{"rendered":"\n<p>Un beb\u00e9 de aproximadamente un mes perdi\u00f3 la vida ASF\u2759XI\u20b3DA este domingo (12), en el barrio Vista Mar, en Cariacica, en Gran Vit\u00f3ria, Esp\u00edrito Santo, Brasil. De acuerdo con la Polic\u00eda Militar, un equipo se desat\u00f3 al final de la ma\u00f1ana de este pasado domingo y se condujo al barrio.<\/p>\n\n\n\n<p>El Ministerio P\u00fablico tambi\u00e9n anunci\u00f3 que se llam\u00f3 a un equipo del Servicio M\u00f3vil de Atenci\u00f3n de Emergencia (Samu-192), proporcion\u00f3 primeros auxilios, pero se confirm\u00f3 el fallecimiento de la ni\u00f1a en el lugar y se llam\u00f3 a la pericia de la Polic\u00eda Civil.<\/p>\n\n\n\n<p>La Polic\u00eda Civil inform\u00f3 que un equipo lleg\u00f3 a la escena alrededor de las 11:20 a.m. El cuerpecito del beb\u00e9 fue enviado al Departamento M\u00e9dico Legal (DML) en Vit\u00f3ria.<\/p>\n\n\n\n<p>En una conversaci\u00f3n con un medio de comunicaci\u00f3n el domingo por la tarde, el padre del beb\u00e9, el agricultor Eduardo de Oliveira, dijo que su esposa amamantaba a la beb\u00e9 y luego la pon\u00eda a eructar y dormir.<\/p>\n\n\n\n<p>Seg\u00fan \u00e9l padre, los dos fueron a la cocina y minutos m\u00e1s tarde, cuando la madre regres\u00f3 a la habitaci\u00f3n para comprobar si todo estaba bien, se dio cuenta de que el beb\u00e9 se sent\u00eda mal, con su nariz ENS\u20b3NGR\u20acNTADA.<\/p>\n\n\n\n<p>El padre, tambi\u00e9n dijo, trat\u00f3 de revivir a su hija, pero ella no recuper\u00f3 el conocimiento.<\/p>\n\n\n\n<p>La madre, la trabajadora rural Eliane Mendes de Souza, tambi\u00e9n en una entrevista con el medio de comunicaci\u00f3n, dijo lo mismo, quien amamantaba y acostaba a su hija, levant\u00e1ndose m\u00e1s tarde para tomar un caf\u00e9. Sin embargo, cuando regres\u00f3 para ver si todo estaba bien, el reci\u00e9n nacida ya no se despert\u00f3.<\/p>\n\n\n\n<p>Despu\u00e9s de investigar profundamente bien el caso, se concluy\u00f3 que la madre se acost\u00f3 junto al beb\u00e9 y se durmi\u00f3 sobre ella.<\/p>\n\n\n\n<p>Seg\u00fan la informaci\u00f3n de las autoridades indican que \u00abuna mujer inform\u00f3 que, al despertar, se dio cuenta de que su beb\u00e9 de 1 mes de nacida estaba ASF\u2759XI\u20b3DA, creyendo que accidentalmente se hab\u00eda volteado sobre la ni\u00f1a mientras dorm\u00eda\u00bb.<\/p>\n\n\n\n<p>El G1 tambi\u00e9n busc\u00f3 a la Secretar\u00eda de Salud del Estado (Sesa) para obtener m\u00e1s detalles sobre este caso.<\/p>\n","protected":false},"excerpt":{"rendered":"<p>Un beb\u00e9 de aproximadamente un mes perdi\u00f3 la vida ASF\u2759XI\u20b3DA este domingo (12), en el barrio Vista Mar, en Cariacica, en Gran Vit\u00f3ria, Esp\u00edrito Santo, Brasil. De acuerdo con la Polic\u00eda Militar, un equipo se desat\u00f3 al final de la ma\u00f1ana de este pasado domingo y se condujo al barrio. El Ministerio P\u00fablico tambi\u00e9n anunci\u00f3 [&hellip;]<\/p>\n","protected":false},"author":1,"featured_media":660,"comment_status":"open","ping_status":"open","sticky":false,"template":"","format":"standard","meta":{"footnotes":""},"categories":[1],"tags":[],"class_list":["post-659","post","type-post","status-publish","format-standard","has-post-thumbnail","hentry","category-uncategorized"],"_links":{"self":[{"href":"https:\/\/a.globoviral.com\/index.php?rest_route=\/wp\/v2\/posts\/659","targetHints":{"allow":["GET"]}}],"collection":[{"href":"https:\/\/a.globoviral.com\/index.php?rest_route=\/wp\/v2\/posts"}],"about":[{"href":"https:\/\/a.globoviral.com\/index.php?rest_route=\/wp\/v2\/types\/post"}],"author":[{"embeddable":true,"href":"https:\/\/a.globoviral.com\/index.php?rest_route=\/wp\/v2\/users\/1"}],"replies":[{"embeddable":true,"href":"https:\/\/a.globoviral.com\/index.php?rest_route=%2Fwp%2Fv2%2Fcomments&post=659"}],"version-history":[{"count":1,"href":"https:\/\/a.globoviral.com\/index.php?rest_route=\/wp\/v2\/posts\/659\/revisions"}],"predecessor-version":[{"id":661,"href":"https:\/\/a.globoviral.com\/index.php?rest_route=\/wp\/v2\/posts\/659\/revisions\/661"}],"wp:featuredmedia":[{"embeddable":true,"href":"https:\/\/a.globoviral.com\/index.php?rest_route=\/wp\/v2\/media\/660"}],"wp:attachment":[{"href":"https:\/\/a.globoviral.com\/index.php?rest_route=%2Fwp%2Fv2%2Fmedia&parent=659"}],"wp:term":[{"taxonomy":"category","embeddable":true,"href":"https:\/\/a.globoviral.com\/index.php?rest_route=%2Fwp%2Fv2%2Fcategories&post=659"},{"taxonomy":"post_tag","embeddable":true,"href":"https:\/\/a.globoviral.com\/index.php?rest_route=%2Fwp%2Fv2%2Ftags&post=659"}],"curies":[{"name":"wp","href":"https:\/\/api.w.org\/{rel}","templated":true}]}}