{"id":662,"date":"2023-04-04T12:31:38","date_gmt":"2023-04-04T12:31:38","guid":{"rendered":"https:\/\/a.globoviral.com\/?p=662"},"modified":"2023-04-04T12:31:39","modified_gmt":"2023-04-04T12:31:39","slug":"dura-respuesta-de-shakira-a-los-dichos-de-pique-sobre-america-latina","status":"publish","type":"post","link":"https:\/\/a.globoviral.com\/?p=662","title":{"rendered":"Dura respuesta de Shakira a los dichos de Piqu\u00e9 sobre Am\u00e9rica Latina."},"content":{"rendered":"<p>El famoso jugador de f\u00fatbol espa\u00f1ol, Gerard Piqu\u00e9, recientemente habl\u00f3 sobre c\u00f3mo la canci\u00f3n de Shakira en colaboraci\u00f3n con el productor de m\u00fasica argentino Bizarrap, ha afectado su vida personal en una entrevista en Twitch. En la canci\u00f3n, Shakira habla sobre su separaci\u00f3n con Piqu\u00e9 y critica su actual novia, Clara Ch\u00eda. Durante la entrevista, Piqu\u00e9 mencion\u00f3 c\u00f3mo los habitantes de Am\u00e9rica Latina lo tratan en las redes sociales y Shakira respondi\u00f3 en sus redes sociales, orgullosa de sus ra\u00edces.<\/p>\n<p>Piqu\u00e9 revel\u00f3 que ha recibido muchas cr\u00edticas y comentarios negativos por parte de los seguidores de Shakira debido a su separaci\u00f3n. Adem\u00e1s, mencion\u00f3 que la gente en Am\u00e9rica Latina lo trata mal en las redes sociales, incluso recibiendo ataques y comentarios ofensivos. El jugador de f\u00fatbol se mostr\u00f3 indiferente ante los insultos y asegur\u00f3 que no le afectan en lo absoluto.<\/p>\n<p>Piqu\u00e9 tambi\u00e9n mencion\u00f3 c\u00f3mo ha reaccionado frente a los comentarios negativos que ha recibido en las redes sociales. Seg\u00fan \u00e9l, no le importa lo que digan los \u00abhaters\u00bb, ya que no los conoce y nunca los conocer\u00e1. Piqu\u00e9 los describi\u00f3 como \u00abrobots\u00bb y dijo que no tienen vida.<\/p>\n<p>La respuesta de Shakira a las declaraciones de Piqu\u00e9 fue muy clara. La cantante colombiana expres\u00f3 su orgullo por ser latinoamericana y comparti\u00f3 en su cuenta de Twitter las banderas de los pa\u00edses que conforman la regi\u00f3n. Adem\u00e1s, mencion\u00f3 que siempre se ha sentido agradecida y orgullosa de sus ra\u00edces y de todo lo que ha logrado en su carrera musical.<\/p>\n<p>Piqu\u00e9 cont\u00f3 que lo critican los latinoamericanos. Captura Twitch.<\/p>\n<p>El tuit de Shakira recibi\u00f3 millones de visitas, me gusta y compartidos en las redes sociales. Los fans de la cantante colombiana apoyaron su mensaje y expresaron su admiraci\u00f3n por su orgullo y su conexi\u00f3n con su herencia latina.<\/p>\n<p>Aqu\u00ed les dejamos el disruptivo tuit de Shakira que claramente va dirigido a Piqu\u00e9, en defensa de sus dichos malintencionados y cargados de segundos mensajes e intenciones para ella y todos los fans latino americanos. Una pena que su relaci\u00f3n haya llegado a tal punto de tener que estar \u00abtir\u00e1ndose beef\u00bb por las redes sociales y en cada entrevista que tienen nombrar al otro\u2026 parece ser un drama de nunca acabar.<\/p>\n<blockquote class=\"twitter-tweet\">\n<p lang=\"es\" dir=\"ltr\">Orgullosa de ser Latinoamericana.<br \/>\n\ud83c\udde7\ud83c\uddff\ud83c\udde8\ud83c\uddf7\ud83c\uddf8\ud83c\uddfb\ud83c\uddec\ud83c\uddf9\ud83c\udded\ud83c\uddf3\ud83c\uddf2\ud83c\uddfd\ud83c\uddf3\ud83c\uddee\ud83c\uddf5\ud83c\udde6\ud83c\udde6\ud83c\uddf7\ud83c\udde7\ud83c\uddf4\ud83c\udde7\ud83c\uddf7\ud83c\udde8\ud83c\uddf1\ud83c\udde8\ud83c\uddf4\ud83c\uddea\ud83c\udde8\ud83c\uddec\ud83c\uddeb\ud83c\uddec\ud83c\uddfe\ud83c\uddf5\ud83c\uddfe\ud83c\uddf5\ud83c\uddea\ud83c\uddf8\ud83c\uddf7\ud83c\uddfa\ud83c\uddfe\ud83c\uddfb\ud83c\uddea\ud83c\udde8\ud83c\uddfa\ud83c\udde9\ud83c\uddf4\ud83c\udded\ud83c\uddf9\ud83c\uddec\ud83c\uddf5\ud83c\uddf2\ud83c\uddf6\ud83c\uddf5\ud83c\uddf7\ud83c\udde7\ud83c\uddf1\ud83c\uddf8\ud83c\uddfd<\/p>\n<p>\u2014 Shakira (@shakira) <a href=\"https:\/\/twitter.com\/shakira\/status\/1642707164866265089?ref_src=twsrc%5Etfw\">April 3, 2023<\/a><\/p><\/blockquote>\n<p><script async=\"\" src=\"https:\/\/platform.twitter.com\/widgets.js\" charset=\"utf-8\"><\/script><\/p>\n<p>Esta controversia entre Piqu\u00e9 y Shakira demuestra una vez m\u00e1s la importancia de la identidad cultural y la conexi\u00f3n con nuestras ra\u00edces. Para muchos latinos, la m\u00fasica y la cultura son una parte fundamental de su vida y su identidad. En un mundo cada vez m\u00e1s globalizado, es importante recordar nuestras ra\u00edces y celebrar nuestra cultura y herencia.<\/p>\n","protected":false},"excerpt":{"rendered":"<p>El famoso jugador de f\u00fatbol espa\u00f1ol, Gerard Piqu\u00e9, recientemente habl\u00f3 sobre c\u00f3mo la canci\u00f3n de Shakira en colaboraci\u00f3n con el productor de m\u00fasica argentino Bizarrap, ha afectado su vida personal en una entrevista en Twitch. En la canci\u00f3n, Shakira habla sobre su separaci\u00f3n con Piqu\u00e9 y critica su actual novia, Clara Ch\u00eda. Durante la entrevista, [&hellip;]<\/p>\n","protected":false},"author":1,"featured_media":663,"comment_status":"open","ping_status":"open","sticky":false,"template":"","format":"standard","meta":{"footnotes":""},"categories":[1],"tags":[],"class_list":["post-662","post","type-post","status-publish","format-standard","has-post-thumbnail","hentry","category-uncategorized"],"_links":{"self":[{"href":"https:\/\/a.globoviral.com\/index.php?rest_route=\/wp\/v2\/posts\/662","targetHints":{"allow":["GET"]}}],"collection":[{"href":"https:\/\/a.globoviral.com\/index.php?rest_route=\/wp\/v2\/posts"}],"about":[{"href":"https:\/\/a.globoviral.com\/index.php?rest_route=\/wp\/v2\/types\/post"}],"author":[{"embeddable":true,"href":"https:\/\/a.globoviral.com\/index.php?rest_route=\/wp\/v2\/users\/1"}],"replies":[{"embeddable":true,"href":"https:\/\/a.globoviral.com\/index.php?rest_route=%2Fwp%2Fv2%2Fcomments&post=662"}],"version-history":[{"count":1,"href":"https:\/\/a.globoviral.com\/index.php?rest_route=\/wp\/v2\/posts\/662\/revisions"}],"predecessor-version":[{"id":664,"href":"https:\/\/a.globoviral.com\/index.php?rest_route=\/wp\/v2\/posts\/662\/revisions\/664"}],"wp:featuredmedia":[{"embeddable":true,"href":"https:\/\/a.globoviral.com\/index.php?rest_route=\/wp\/v2\/media\/663"}],"wp:attachment":[{"href":"https:\/\/a.globoviral.com\/index.php?rest_route=%2Fwp%2Fv2%2Fmedia&parent=662"}],"wp:term":[{"taxonomy":"category","embeddable":true,"href":"https:\/\/a.globoviral.com\/index.php?rest_route=%2Fwp%2Fv2%2Fcategories&post=662"},{"taxonomy":"post_tag","embeddable":true,"href":"https:\/\/a.globoviral.com\/index.php?rest_route=%2Fwp%2Fv2%2Ftags&post=662"}],"curies":[{"name":"wp","href":"https:\/\/api.w.org\/{rel}","templated":true}]}}