{"id":705,"date":"2023-04-12T12:14:07","date_gmt":"2023-04-12T12:14:07","guid":{"rendered":"https:\/\/a.globoviral.com\/?p=705"},"modified":"2023-04-12T12:14:08","modified_gmt":"2023-04-12T12:14:08","slug":"el-ultimo-mensaje-de-despedida-de-la-esposa-de-julian-figueroa","status":"publish","type":"post","link":"https:\/\/a.globoviral.com\/?p=705","title":{"rendered":"El \u00faltimo mensaje de despedida de la esposa de Juli\u00e1n Figueroa."},"content":{"rendered":"<p>Juli\u00e1n Figueroa habr\u00eda contra\u00eddo matrimonio con Imelda Garza Tu\u00f1\u00f3n en el a\u00f1o 2017, producto de la relaci\u00f3n tuvieron un hijo que actualmente tiene 5 a\u00f1os de edad.<\/p>\n<p>Hoy la modelo e influencer Imelda Garza Tu\u00f1\u00f3n, dej\u00f3 ver lo complicado que es dejar partir a nuestros seres queridos y record\u00f3 tambi\u00e9n a su suegro Joan Sebastian quien habr\u00eda partido en el a\u00f1o 2015, la joven public\u00f3 un grupo de fotos en su cuenta de instagram dedicando un mensaje a su compa\u00f1ero de vida los \u00faltimos a\u00f1os.<\/p>\n<p><strong>El mensaje de despedida:<\/strong><\/p>\n<p>TE AMO POR SIEMPRE \ud83d\udc99<br \/>\nEST\u00c1S EN UN LUGAR MEJOR JUNTO A TU PAP\u00c1 Y ME DEJAS CON EL CORAZ\u00d3N PARTIDO EN MIL PEDAZOS PERO CON MUCHOS RECUERDOS FELICES Y MUCHAS RISAS, VUELA ALTO AMORE \ud83d\udd4a\ufe0f<\/p>\n<p>Por su parte, Juli\u00e1n quien era el \u00fanico hijo producto de la relaci\u00f3n entre Joan Sebastian y Maribel Guardia, compart\u00eda constantemente sobre el amor que le ten\u00eda a la joven a quien describ\u00eda como \u00absu \u00fanico amor\u00bb. La \u00faltima foto familiar fue publicada en la navidad de este fin de a\u00f1o donde aparecen ambos junto al hijo que compart\u00edan.<\/p>\n<p><strong>Fue a finales de 2022, que Juli\u00e1n Figueroa le dedic\u00f3 unas tiernas palabras con motivo de su aniversario de novios:<\/strong><\/p>\n<p>HOY HACE 9 A\u00d1OS TOM\u00c9 LA MEJOR DECISI\u00d3N DE MI VIDA, PEDIRLE A LA MUJER MAS HERMOSA QUE HE CONOCIDO QUE FUERA MI NOVIA. NO CAMBIAR\u00cdA UN SEGUNDO DE ESTE HERMOSO VIAJE POR TODOS LOS TESOROS DEL MUNDO. TE AMO @IMETUNON DESDE EL PRINCIPIO HASTA EL FINAL. ERES Y SIEMPRE SER\u00c1S MI \u00daNICO AMOR.<\/p>\n<p>Hace algunos meses el joven hab\u00eda sido fotografiado besando una fan en la boca, lo que despert\u00f3 rumores de que la relaci\u00f3n no andaba nada bien, pero asimismo le ofreci\u00f3 una disculpa p\u00fablica a su esposa, Imelda:<\/p>\n<p>\u00abLA LLEV\u00c9 A SU COCHE Y YA, OBVIAMENTE TODO ESTO FUE SACADO DE CONTEXTO DE TODAS LAS FORMAS POSIBLES. A\u00daN AS\u00cd RECONOZCO QUE TAL VEZ MI ACCIONAR NO FUE EL M\u00c1S APROPIADO. LE OFREZCO UNA DISCULPA A MI ESPOSA, QUE CREO ES A LA \u00daNICA A LA QUE LE PUEDO DECIR ALGO AL RESPECTO. MI ESPOSA ES EL AMOR DE MI VIDA, LO SIENTO SI DE ALGUNA FORMA MI COMPORTAMIENTO NO FUE EL MEJOR, PERO YA ESTO ES UN ENSA\u00d1AMIENTO DE PARTE DE ESTA ENTREVISTA EN MI CONTRA\u00bb, EXPRES\u00d3.<\/p>\n<p><iframe loading=\"lazy\" title=\"YouTube video player\" src=\"https:\/\/www.youtube.com\/embed\/xFudAxgZXMw\" width=\"560\" height=\"315\" frameborder=\"0\" allowfullscreen=\"allowfullscreen\"><\/iframe><\/p>\n<p><strong>La joven cont\u00f3 a el programa De Primera Mano c\u00f3mo lidi\u00f3 con la situaci\u00f3n:<\/strong><\/p>\n<p>\u00abYO ME ENOJ\u00c9, CLARO QUE ME ENOJ\u00c9, YO ME PRENDO EN DOS SEGUNDOS, LUEGO DEL ENOJO TUVE ALGO DE ENTENDIMIENTO PORQUE AL FINAL HE VIVIDO MUCHOS EPISODIOS CON \u00c9L CUANDO HA ESTADO AS\u00cd (BAJO ESTADO DE EBRIEDAD) Y LA DEPRESI\u00d3N QUE VIENE DESPU\u00c9S ES MUY FUERTE, ENTONCES NO QUED\u00d3 M\u00c1S QUE APOYARLO, OBVIAMENTE ENOJADA, SIGO ENOJADA, PERO FINALMENTE SOMOS UN EQUIPO\u00bb, AFIRM\u00d3.<\/p>\n<p>La relaci\u00f3n entre ambos inici\u00f3 cuando eran muy j\u00f3venes apenas ten\u00edan 16 y 18 a\u00f1os, por lo que el v\u00ednculo con Maribel Guardia, su suegra, ha ido fortaleci\u00e9ndose con el tiempo e incluso su familia vive en la residencia de la se\u00f1ora.<\/p>\n<p>\u00abELLA ES MUY INTELIGENTE, ES UNA BUENA PERSONA QUE, APARTE, NOS HA RECIBIDO CON TODO EL AMOR DEL MUNDO A M\u00cd, A MI HIJO, A MI MAM\u00c1, A MI ABUELITA, O SEA\u2026 SOMOS UNA FAMILIA\u00bb, CONFES\u00d3 AL PROGRAMA.<\/p>\n","protected":false},"excerpt":{"rendered":"<p>Juli\u00e1n Figueroa habr\u00eda contra\u00eddo matrimonio con Imelda Garza Tu\u00f1\u00f3n en el a\u00f1o 2017, producto de la relaci\u00f3n tuvieron un hijo que actualmente tiene 5 a\u00f1os de edad. Hoy la modelo e influencer Imelda Garza Tu\u00f1\u00f3n, dej\u00f3 ver lo complicado que es dejar partir a nuestros seres queridos y record\u00f3 tambi\u00e9n a su suegro Joan Sebastian [&hellip;]<\/p>\n","protected":false},"author":1,"featured_media":706,"comment_status":"open","ping_status":"open","sticky":false,"template":"","format":"standard","meta":{"footnotes":""},"categories":[1],"tags":[],"class_list":["post-705","post","type-post","status-publish","format-standard","has-post-thumbnail","hentry","category-uncategorized"],"_links":{"self":[{"href":"https:\/\/a.globoviral.com\/index.php?rest_route=\/wp\/v2\/posts\/705","targetHints":{"allow":["GET"]}}],"collection":[{"href":"https:\/\/a.globoviral.com\/index.php?rest_route=\/wp\/v2\/posts"}],"about":[{"href":"https:\/\/a.globoviral.com\/index.php?rest_route=\/wp\/v2\/types\/post"}],"author":[{"embeddable":true,"href":"https:\/\/a.globoviral.com\/index.php?rest_route=\/wp\/v2\/users\/1"}],"replies":[{"embeddable":true,"href":"https:\/\/a.globoviral.com\/index.php?rest_route=%2Fwp%2Fv2%2Fcomments&post=705"}],"version-history":[{"count":1,"href":"https:\/\/a.globoviral.com\/index.php?rest_route=\/wp\/v2\/posts\/705\/revisions"}],"predecessor-version":[{"id":707,"href":"https:\/\/a.globoviral.com\/index.php?rest_route=\/wp\/v2\/posts\/705\/revisions\/707"}],"wp:featuredmedia":[{"embeddable":true,"href":"https:\/\/a.globoviral.com\/index.php?rest_route=\/wp\/v2\/media\/706"}],"wp:attachment":[{"href":"https:\/\/a.globoviral.com\/index.php?rest_route=%2Fwp%2Fv2%2Fmedia&parent=705"}],"wp:term":[{"taxonomy":"category","embeddable":true,"href":"https:\/\/a.globoviral.com\/index.php?rest_route=%2Fwp%2Fv2%2Fcategories&post=705"},{"taxonomy":"post_tag","embeddable":true,"href":"https:\/\/a.globoviral.com\/index.php?rest_route=%2Fwp%2Fv2%2Ftags&post=705"}],"curies":[{"name":"wp","href":"https:\/\/api.w.org\/{rel}","templated":true}]}}