{"id":729,"date":"2023-04-17T12:57:16","date_gmt":"2023-04-17T12:57:16","guid":{"rendered":"https:\/\/a.globoviral.com\/?p=729"},"modified":"2023-04-17T12:57:17","modified_gmt":"2023-04-17T12:57:17","slug":"maribel-guardia-conto-que-hara-con-las-cenizas-de-su-hijo","status":"publish","type":"post","link":"https:\/\/a.globoviral.com\/?p=729","title":{"rendered":"Maribel Guardia cont\u00f3 que har\u00e1 con las cenizas de su hijo."},"content":{"rendered":"<p>La actriz y cantante Maribel Guardia est\u00e1 pasando por uno de los momentos m\u00e1s dif\u00edciles de su vida tras la repentina muerte de su hijo, Juli\u00e1n Figueroa, a causa de un infarto agudo al miocardio y fibrilaci\u00f3n ventricular el pasado 9 de abril. Despu\u00e9s de varios d\u00edas de silencio en los que la familia se mantuvo alejada de los reflectores, la int\u00e9rprete de \u201cCorona de l\u00e1grimas\u201d reapareci\u00f3 para hablar de la partida de su \u00fanico hijo.<\/p>\n<p>En un encuentro con los medios retomado por \u201cDe primera mano\u201d, Maribel Guardia se\u00f1al\u00f3 que necesitaban vivir este dolor en familia y que el d\u00eda anterior hab\u00eda sido muy importante para ellos, ya que hab\u00edan dado el \u00faltimo adi\u00f3s a Juli\u00e1n en una misa privada al interior de su casa.<\/p>\n<p>En cuanto al lugar donde reposar\u00e1n los restos de su hijo, Guardia indic\u00f3 que por el momento permanecer\u00e1n en la sala de su casa donde fueron colocados rodeados por las flores que ha recibido la familia tanto de fans como de otros famosos. La actriz explic\u00f3 que no est\u00e1 lista para separarse de las cenizas de su hijo: \u201cNo quiero deshacerme de sus cenizas\u201d.<\/p>\n<p>La int\u00e9rprete de 61 a\u00f1os, visiblemente afectada por la p\u00e9rdida, agradeci\u00f3 las muestras de cari\u00f1o que ha recibido por parte de amigos, familiares y seguidores de Juli\u00e1n Figueroa. \u201cHe recibido tantas flores, ayer no quer\u00eda ni ver tantas flores, yo dec\u00eda: \u2018No quiero flores, no quiero nada\u2019. Hoy veo mucho m\u00e1s flores, la casa est\u00e1 llena de flores y de buena energ\u00eda, de tanto cari\u00f1o de la gente que no me esperaba, que me dijeran tantas cosas lindas\u201d, detall\u00f3.<\/p>\n<p>Juli\u00e1n Figueroa, tambi\u00e9n conocido como \u201cJ3\u201d, era un cantante de m\u00fasica regional mexicana y el \u00fanico hijo de Maribel Guardia, fruto de su relaci\u00f3n con el fallecido cantante Joan Sebastian. El joven ten\u00eda 27 a\u00f1os y estaba casado con Imelda Garza Tu\u00f1\u00f3n, quien lo acompa\u00f1\u00f3 en la misa privada en casa de la familia.<\/p>\n<p>Ante la pregunta sobre un posible funeral para Juli\u00e1n, Guardia se\u00f1al\u00f3 que no se realizar\u00eda y que la misa privada en su casa era suficiente para darle el \u00faltimo adi\u00f3s a su hijo. Adem\u00e1s, la actriz y cantante agradeci\u00f3 a los medios de comunicaci\u00f3n su respeto y consideraci\u00f3n durante este momento dif\u00edcil para su familia.<\/p>\n<blockquote class=\"twitter-tweet\">\n<p lang=\"es\" dir=\"ltr\">La actriz Maribel Guardia habl\u00f3 sobre el \u00faltimo adi\u00f3s a su hijo, Juli\u00e1n Figueroa, quien falleci\u00f3 el pasado domingo a los 27 a\u00f1os de edad. <a href=\"https:\/\/twitter.com\/hashtag\/LasNoticiasDeFOROtv?src=hash&amp;ref_src=twsrc%5Etfw\">#LasNoticiasDeFOROtv<\/a> | <a href=\"https:\/\/twitter.com\/hashtag\/SiempreEnVivo?src=hash&amp;ref_src=twsrc%5Etfw\">#SiempreEnVivo<\/a> | <a href=\"https:\/\/twitter.com\/hashtag\/SiempreContigo?src=hash&amp;ref_src=twsrc%5Etfw\">#SiempreContigo<\/a> | Sigue la se\u00f1al en vivo por <a href=\"https:\/\/t.co\/R0rtaHzqZe\">https:\/\/t.co\/R0rtaHzqZe<\/a> <a href=\"https:\/\/t.co\/plxPbcbv38\">pic.twitter.com\/plxPbcbv38<\/a><\/p>\n<p>\u2014 Foro_TV (@Foro_TV) <a href=\"https:\/\/twitter.com\/Foro_TV\/status\/1645961889971675138?ref_src=twsrc%5Etfw\">April 12, 2023<\/a><\/p><\/blockquote>\n<p><script async=\"\" src=\"https:\/\/platform.twitter.com\/widgets.js\" charset=\"utf-8\"><\/script><\/p>\n<p>La partida de Juli\u00e1n Figueroa ha conmocionado al mundo del espect\u00e1culo y ha generado muestras de cari\u00f1o y apoyo hacia Maribel Guardia y su familia. La actriz y cantante ha decidido mantener las cenizas de su hijo en casa por el momento y ha se\u00f1alado que no est\u00e1 lista para tomar otra decisi\u00f3n.<\/p>\n","protected":false},"excerpt":{"rendered":"<p>La actriz y cantante Maribel Guardia est\u00e1 pasando por uno de los momentos m\u00e1s dif\u00edciles de su vida tras la repentina muerte de su hijo, Juli\u00e1n Figueroa, a causa de un infarto agudo al miocardio y fibrilaci\u00f3n ventricular el pasado 9 de abril. Despu\u00e9s de varios d\u00edas de silencio en los que la familia se [&hellip;]<\/p>\n","protected":false},"author":1,"featured_media":730,"comment_status":"open","ping_status":"open","sticky":false,"template":"","format":"standard","meta":{"footnotes":""},"categories":[1],"tags":[],"class_list":["post-729","post","type-post","status-publish","format-standard","has-post-thumbnail","hentry","category-uncategorized"],"_links":{"self":[{"href":"https:\/\/a.globoviral.com\/index.php?rest_route=\/wp\/v2\/posts\/729","targetHints":{"allow":["GET"]}}],"collection":[{"href":"https:\/\/a.globoviral.com\/index.php?rest_route=\/wp\/v2\/posts"}],"about":[{"href":"https:\/\/a.globoviral.com\/index.php?rest_route=\/wp\/v2\/types\/post"}],"author":[{"embeddable":true,"href":"https:\/\/a.globoviral.com\/index.php?rest_route=\/wp\/v2\/users\/1"}],"replies":[{"embeddable":true,"href":"https:\/\/a.globoviral.com\/index.php?rest_route=%2Fwp%2Fv2%2Fcomments&post=729"}],"version-history":[{"count":1,"href":"https:\/\/a.globoviral.com\/index.php?rest_route=\/wp\/v2\/posts\/729\/revisions"}],"predecessor-version":[{"id":731,"href":"https:\/\/a.globoviral.com\/index.php?rest_route=\/wp\/v2\/posts\/729\/revisions\/731"}],"wp:featuredmedia":[{"embeddable":true,"href":"https:\/\/a.globoviral.com\/index.php?rest_route=\/wp\/v2\/media\/730"}],"wp:attachment":[{"href":"https:\/\/a.globoviral.com\/index.php?rest_route=%2Fwp%2Fv2%2Fmedia&parent=729"}],"wp:term":[{"taxonomy":"category","embeddable":true,"href":"https:\/\/a.globoviral.com\/index.php?rest_route=%2Fwp%2Fv2%2Fcategories&post=729"},{"taxonomy":"post_tag","embeddable":true,"href":"https:\/\/a.globoviral.com\/index.php?rest_route=%2Fwp%2Fv2%2Ftags&post=729"}],"curies":[{"name":"wp","href":"https:\/\/api.w.org\/{rel}","templated":true}]}}