{"id":946,"date":"2023-06-15T12:32:01","date_gmt":"2023-06-15T12:32:01","guid":{"rendered":"https:\/\/a.globoviral.com\/?p=946"},"modified":"2023-06-15T12:32:02","modified_gmt":"2023-06-15T12:32:02","slug":"video-esto-le-dicen-a-clara-chia-en-la-calle-junto-a-pique","status":"publish","type":"post","link":"https:\/\/a.globoviral.com\/?p=946","title":{"rendered":"VIDEO Esto le dicen a Clara Ch\u00eda en la calle junto a Piqu\u00e9."},"content":{"rendered":"<p>La relaci\u00f3n entre Clara Ch\u00eda y Gerard Piqu\u00e9 ha sido objeto de numerosas cr\u00edticas desde sus inicios. La pareja se ha convertido en un tema de controversia, especialmente debido a que su romance surgi\u00f3 mientras Piqu\u00e9 a\u00fan estaba en una relaci\u00f3n con Shakira, lo cual ha generado el descontento de los fans de la cantante colombiana.<\/p>\n<p>Recientemente, un video se ha vuelto viral en las redes sociales, mostrando el momento en el que una mujer confronta a Clara y la compara con Shakira. Este incidente ocurri\u00f3 cuando los famosos acudieron a los juzgados en Barcelona para resolver un caso con el periodista Jordi Martin.<\/p>\n<p>Al salir del lugar, Clara y Piqu\u00e9 se tomaron de la mano, y las c\u00e1maras de los medios capturaron el momento. Fue en ese preciso instante cuando una mujer lanz\u00f3 insultos a Clara, expresando que nunca podr\u00eda igualar la belleza de Shakira.<\/p>\n<p>Este incidente ha llamado la atenci\u00f3n y ha generado preguntas sobre si la mujer era una periodista o simplemente una fan\u00e1tica presente en el lugar.<\/p>\n<p>Desde el inicio de su relaci\u00f3n, Clara y Piqu\u00e9 han sufrido el acoso constante de la prensa. En particular, el periodista Jordi Martin ha sido se\u00f1alado por la pareja, alegando que siempre ha estado al tanto de sus movimientos y han sentido que est\u00e1n siendo acosados por \u00e9l.<\/p>\n<p>El principal argumento en contra de Martin es que los sigui\u00f3 incluso a una zona privada en un intento de capturar im\u00e1genes de ellos. Como respuesta a esta situaci\u00f3n, Clara y Gerard decidieron tomar medidas legales y solicitaron una orden de restricci\u00f3n para evitar que esto continuara sucediendo.<\/p>\n<blockquote class=\"twitter-tweet\">\n<p lang=\"es\" dir=\"ltr\">\ud83e\udd79 \u00bfQui\u00e9n es esta periodista que le dice la verdad a Clara Chia? Se merece un premio, gracias por decir la verdad.<\/p>\n<p>Ojal\u00e1 todos los periodistas al ver a Clara le digan que \u201cNUNCA llegar\u00e1 a los pies de Shakira\u201d y \u201cShakira es m\u00e1s guapa\u201d. \ud83d\udc4f\ud83c\udffc<\/p>\n<p>Gerard Piqu\u00e9 y Clara son podridos. <a href=\"https:\/\/t.co\/hzLdyk6yJs\">pic.twitter.com\/hzLdyk6yJs<\/a><\/p>\n<p>\u2014 Shakira Legion \u2694\ufe0f (@ShakLegion) <a href=\"https:\/\/twitter.com\/ShakLegion\/status\/1667407634264211456?ref_src=twsrc%5Etfw\">June 10, 2023<\/a><\/p><\/blockquote>\n<p><script async=\"\" src=\"https:\/\/platform.twitter.com\/widgets.js\" charset=\"utf-8\"><\/script><\/p>\n<p>Sin embargo, en la primera audiencia, la pareja decidi\u00f3 retirar la denuncia a cambio de que se estableciera una restricci\u00f3n de mil metros, seg\u00fan informes de la agencia \u00abEFE\u00bb.<\/p>\n<p>Es importante destacar que muchos han criticado a Clara y Gerard por su accionar, ya que han sido comparados con Shakira, quien tuvo que lidiar con este tipo de situaciones durante varios a\u00f1os. La decisi\u00f3n de la pareja de retirar la denuncia ha generado comentarios y especulaciones sobre su actitud en comparaci\u00f3n con la de la cantante colombiana.<\/p>\n<p>En conclusi\u00f3n, la relaci\u00f3n entre Clara Ch\u00eda y Gerard Piqu\u00e9 sigue siendo objeto de controversia y cr\u00edticas. El reciente incidente en los juzgados y el video viralizado refuerzan la atenci\u00f3n medi\u00e1tica que rodea a esta pareja. A medida que contin\u00faan enfrentando el escrutinio p\u00fablico, queda por ver c\u00f3mo manejar\u00e1n las cr\u00edticas y si podr\u00e1n superar los obst\u00e1culos que se les presenten en su relaci\u00f3n.<\/p>\n","protected":false},"excerpt":{"rendered":"<p>La relaci\u00f3n entre Clara Ch\u00eda y Gerard Piqu\u00e9 ha sido objeto de numerosas cr\u00edticas desde sus inicios. La pareja se ha convertido en un tema de controversia, especialmente debido a que su romance surgi\u00f3 mientras Piqu\u00e9 a\u00fan estaba en una relaci\u00f3n con Shakira, lo cual ha generado el descontento de los fans de la cantante [&hellip;]<\/p>\n","protected":false},"author":1,"featured_media":947,"comment_status":"open","ping_status":"open","sticky":false,"template":"","format":"standard","meta":{"footnotes":""},"categories":[1],"tags":[],"class_list":["post-946","post","type-post","status-publish","format-standard","has-post-thumbnail","hentry","category-uncategorized"],"_links":{"self":[{"href":"https:\/\/a.globoviral.com\/index.php?rest_route=\/wp\/v2\/posts\/946","targetHints":{"allow":["GET"]}}],"collection":[{"href":"https:\/\/a.globoviral.com\/index.php?rest_route=\/wp\/v2\/posts"}],"about":[{"href":"https:\/\/a.globoviral.com\/index.php?rest_route=\/wp\/v2\/types\/post"}],"author":[{"embeddable":true,"href":"https:\/\/a.globoviral.com\/index.php?rest_route=\/wp\/v2\/users\/1"}],"replies":[{"embeddable":true,"href":"https:\/\/a.globoviral.com\/index.php?rest_route=%2Fwp%2Fv2%2Fcomments&post=946"}],"version-history":[{"count":1,"href":"https:\/\/a.globoviral.com\/index.php?rest_route=\/wp\/v2\/posts\/946\/revisions"}],"predecessor-version":[{"id":948,"href":"https:\/\/a.globoviral.com\/index.php?rest_route=\/wp\/v2\/posts\/946\/revisions\/948"}],"wp:featuredmedia":[{"embeddable":true,"href":"https:\/\/a.globoviral.com\/index.php?rest_route=\/wp\/v2\/media\/947"}],"wp:attachment":[{"href":"https:\/\/a.globoviral.com\/index.php?rest_route=%2Fwp%2Fv2%2Fmedia&parent=946"}],"wp:term":[{"taxonomy":"category","embeddable":true,"href":"https:\/\/a.globoviral.com\/index.php?rest_route=%2Fwp%2Fv2%2Fcategories&post=946"},{"taxonomy":"post_tag","embeddable":true,"href":"https:\/\/a.globoviral.com\/index.php?rest_route=%2Fwp%2Fv2%2Ftags&post=946"}],"curies":[{"name":"wp","href":"https:\/\/api.w.org\/{rel}","templated":true}]}}