{"id":967,"date":"2023-06-20T14:33:55","date_gmt":"2023-06-20T14:33:55","guid":{"rendered":"https:\/\/a.globoviral.com\/?p=967"},"modified":"2023-06-20T14:33:56","modified_gmt":"2023-06-20T14:33:56","slug":"caso-maria-jose-joya-herrera","status":"publish","type":"post","link":"https:\/\/a.globoviral.com\/?p=967","title":{"rendered":"CASO: MAR\u00cdA JOS\u00c9 JOYA HERRERA"},"content":{"rendered":"\n<p>Por infarto, falleci\u00f3 ni\u00f1a lasallista de 12 a\u00f1os en Zipaquir\u00e1, departamento de Cundinamarca, Colombia..<\/p>\n\n\n\n<p>Una ni\u00f1a identificada como Mar\u00eda Jos\u00e9 Joya Herrera, estudiante del grado 701 de la IED La Salle, perdi\u00f3 la vida de manera repentina, causando profunda preocupaci\u00f3n tanto en su familia como en la comunidad educativa.<\/p>\n\n\n\n<p>\u201cLa ni\u00f1a pertenec\u00eda a la banda marcial de La Salle, era su mayor afici\u00f3n. Era una ni\u00f1a llena de carcajadas, siempre se reconoc\u00eda por eso; le gustaba mucho el ingl\u00e9s\u201d, dijo a Gente Activa, su mam\u00e1 Ana Roc\u00edo Herrera Rodr\u00edguez.<\/p>\n\n\n\n<p>La ni\u00f1a fue atendida en Zipaquir\u00e1 y remitida al Hospital Militar Central, Bogot\u00e1, Colombia, donde perdi\u00f3 la vida.<\/p>\n\n\n\n<p>\u201cElla no ten\u00eda ninguna patolog\u00eda de base, hubo una falla cardiorrespiratoria. Todo fue tan repentino e inesperado, por eso nos encontramos en shock. Seguiremos a la espera de los resultados de autopsia para saber las razones de esto, por el momento se presume que pudo ser una falla cong\u00e9nita\u201d<\/p>\n\n\n\n<p>agreg\u00f3 Ana Roc\u00edo.<br>Mar\u00eda Jos\u00e9 viv\u00eda con su mam\u00e1, su padre adoptivo Cristian Camilo Casas y el amor de su vida: su hermanito Jer\u00f3nimo, de 8 meses. Amaba a su t\u00edo Mat\u00edas, quien se encontraba en Palm Springs California y al saber la noticia inmediatamente regres\u00f3 al pa\u00eds para estar presente en todo este doloroso proceso.<\/p>\n\n\n\n<p>La Instituci\u00f3n educativa tambi\u00e9n lament\u00f3 el deceso de Mar\u00eda Jos\u00e9 e invit\u00f3 a estudiantes y padres de familia a participar de las exequias llevando una prenda blanca.<\/p>\n\n\n\n<p>Los estudiantes deber\u00e1n estar con uniforme de gala y acompa\u00f1ados de un adulto, este s\u00e1bado a la 1:00 pm en la sede bachillerato, lugar desde donde saldr\u00e1 el desfile con la Banda Marcial.<\/p>\n","protected":false},"excerpt":{"rendered":"<p>Por infarto, falleci\u00f3 ni\u00f1a lasallista de 12 a\u00f1os en Zipaquir\u00e1, departamento de Cundinamarca, Colombia.. Una ni\u00f1a identificada como Mar\u00eda Jos\u00e9 Joya Herrera, estudiante del grado 701 de la IED La Salle, perdi\u00f3 la vida de manera repentina, causando profunda preocupaci\u00f3n tanto en su familia como en la comunidad educativa. \u201cLa ni\u00f1a pertenec\u00eda a la banda [&hellip;]<\/p>\n","protected":false},"author":1,"featured_media":968,"comment_status":"open","ping_status":"open","sticky":false,"template":"","format":"standard","meta":{"footnotes":""},"categories":[1],"tags":[],"class_list":["post-967","post","type-post","status-publish","format-standard","has-post-thumbnail","hentry","category-uncategorized"],"_links":{"self":[{"href":"https:\/\/a.globoviral.com\/index.php?rest_route=\/wp\/v2\/posts\/967","targetHints":{"allow":["GET"]}}],"collection":[{"href":"https:\/\/a.globoviral.com\/index.php?rest_route=\/wp\/v2\/posts"}],"about":[{"href":"https:\/\/a.globoviral.com\/index.php?rest_route=\/wp\/v2\/types\/post"}],"author":[{"embeddable":true,"href":"https:\/\/a.globoviral.com\/index.php?rest_route=\/wp\/v2\/users\/1"}],"replies":[{"embeddable":true,"href":"https:\/\/a.globoviral.com\/index.php?rest_route=%2Fwp%2Fv2%2Fcomments&post=967"}],"version-history":[{"count":1,"href":"https:\/\/a.globoviral.com\/index.php?rest_route=\/wp\/v2\/posts\/967\/revisions"}],"predecessor-version":[{"id":969,"href":"https:\/\/a.globoviral.com\/index.php?rest_route=\/wp\/v2\/posts\/967\/revisions\/969"}],"wp:featuredmedia":[{"embeddable":true,"href":"https:\/\/a.globoviral.com\/index.php?rest_route=\/wp\/v2\/media\/968"}],"wp:attachment":[{"href":"https:\/\/a.globoviral.com\/index.php?rest_route=%2Fwp%2Fv2%2Fmedia&parent=967"}],"wp:term":[{"taxonomy":"category","embeddable":true,"href":"https:\/\/a.globoviral.com\/index.php?rest_route=%2Fwp%2Fv2%2Fcategories&post=967"},{"taxonomy":"post_tag","embeddable":true,"href":"https:\/\/a.globoviral.com\/index.php?rest_route=%2Fwp%2Fv2%2Ftags&post=967"}],"curies":[{"name":"wp","href":"https:\/\/api.w.org\/{rel}","templated":true}]}}