{"id":992,"date":"2023-06-24T00:32:18","date_gmt":"2023-06-24T00:32:18","guid":{"rendered":"https:\/\/a.globoviral.com\/?p=992"},"modified":"2023-06-24T00:32:18","modified_gmt":"2023-06-24T00:32:18","slug":"caso-samuel-ricardo","status":"publish","type":"post","link":"https:\/\/a.globoviral.com\/?p=992","title":{"rendered":"CASO: SAMUEL RICARDO"},"content":{"rendered":"\n<p>Una familia denunci\u00f3 el fallecimiento de un beb\u00e9 de 2 meses identificado como Samuel Ricardo Souza Bastos, que se habr\u00eda sentido enfermo este lunes pasado, en la Maternidad de Profesor Jos\u00e9 Maria Magalh\u00e3es Netto, en el barrio de Pau Kid, en Salvador, Bah\u00eda, Brasil.<\/p>\n\n\n\n<p>Seg\u00fan lo publicado por la prensa local, el caso ocurri\u00f3 luego de un error de un t\u00e9cnico de enfermer\u00eda, quien se confundi\u00f3 y en vez de inyectar los medicamentos correspondientes, le inyect\u00f3 leche por las venas.<\/p>\n\n\n\n<p>El ni\u00f1o recibi\u00f3 medicaci\u00f3n en una vena y fue alimentado a trav\u00e9s de un tubo. Seg\u00fan la familia, Samuel llevaba un mes internado en la unidad porque naci\u00f3 con una enfermedad card\u00edaca.<\/p>\n\n\n\n<p>Samuel Bastos fue intervenido quir\u00fargicamente en el Hospital Ana Nery hace poco tiempo y se encuentra recuper\u00e1ndose del procedimiento quir\u00fargico.<\/p>\n\n\n\n<p>La madre del beb\u00e9, Naiane Rocha, acompa\u00f1aba al beb\u00e9, pero el domingo pasado hab\u00eda ido a su casa cuando recibi\u00f3 una llamada diciendo que su hijo no se encontraba bien.<\/p>\n\n\n\n<p>\u201cRecib\u00ed una llamada de una madre que estaba en el hospital diciendo: \u2018ven corriendo, tu hijo se siente mal\u2019\u201d, dijo.<\/p>\n\n\n\n<p>Cuando lleg\u00f3 a la sala de maternidad, a la madre le pareci\u00f3 extra\u00f1o el episodio porque cuando sali\u00f3 de la unidad se encontraba bien.<\/p>\n\n\n\n<p>Llegu\u00e9 al hospital, el m\u00e9dico me minti\u00f3, dijo que hab\u00eda pasado por su problema de salud. Yo sab\u00eda que no, porque sab\u00eda de la mejor\u00eda, sab\u00eda que no era del coraz\u00f3n y estaba desesperada\u201d. , inform\u00f3 Naiane.<\/p>\n\n\n\n<p>El domingo por la noche fue informada en el hospital que una t\u00e9cnico de enfermer\u00eda se hab\u00eda confundido y le aplic\u00f3 alimentos al acceso central del ni\u00f1o y el estado era grave.<\/p>\n\n\n\n<p>\u201cCuando llegu\u00e9 a la UCI, otro m\u00e9dico me explic\u00f3 que la t\u00e9cnica, en vez de conectarla a la sonda, la conectaba al acceso central. Ah\u00ed fui a entender qu\u00e9 hab\u00eda pasado\u201d.<\/p>\n\n\n\n<p>Naine tambi\u00e9n inform\u00f3 que fue informada sobre el despido de la empleada el domingo.<\/p>\n\n\n\n<p>El lunes por la ma\u00f1ana, los familiares del beb\u00e9 recibieron informaci\u00f3n de que un empleado de la Unidad de Cuidados Intensivos (UCI) del hospital hab\u00eda filtrado informaci\u00f3n sobre el deceso de Samuel, el cual fue confirmado por la trabajadora social de la unidad luego de que la familia la buscara.<\/p>\n\n\n\n<p>\u201cMi beb\u00e9 era muy querido. No puedo juzgarlos, porque eran t\u00e9cnicas maravillosas, el que le hizo esto no estaba acostumbrado a quedarse con \u00e9l, pero hubo otros que se quedaron y le tengo mucho amor\u201d , dijo la madre de Samuel.<\/p>\n\n\n\n<p>\u201cEra un beb\u00e9 muy dulce, porque estuvo dos meses hospitalizado. A mi hijo lo dej\u00e9 durmiendo y lo encontr\u00e9 intubado\u201d, dijo conmocionada.<\/p>\n\n\n\n<p>La Secretar\u00eda de Estado de Salud (Sesab) afirm\u00f3 que la maternidad est\u00e1 profundamente consternada por el deceso del beb\u00e9, \u201csin palabras para expresar todo el pesar y tristeza que afecta a todo el equipo de profesionales\u201d. La instituci\u00f3n tambi\u00e9n se solidariz\u00f3 y se puso a disposici\u00f3n de los familiares para el esclarecimiento p\u00fablico.<\/p>\n\n\n\n<p>Y afirm\u00f3 que se inici\u00f3 una investigaci\u00f3n para determinar las circunstancias t\u00e9cnicas que llevaron al deceso de Samuel y apartaron al profesional involucrado en el hecho. Seg\u00fan la Sesab, la empleada se encuentra en \u201ctotal desolaci\u00f3n\u201d por ser tambi\u00e9n madre y por el v\u00ednculo formado con el beb\u00e9 mientras estuvo a su cuidado.<\/p>\n\n\n\n<p>La direcci\u00f3n de la maternidad difundi\u00f3 una nota donde lamenta el \u201cerror t\u00e9cnico\u201d que provoc\u00f3 el deceso del beb\u00e9.<\/p>\n\n\n\n<p>\u201cLa maternidad fue un referente en el cuidado de la madre y el beb\u00e9, desde el embarazo, donde siempre recibieron todos los cuidados con mucho celo y responsabilidad\u201d, se\u00f1alaron.<\/p>\n\n\n\n<p>La unidad de salud tambi\u00e9n inform\u00f3 que todos los flujos y protocolos de la unidad est\u00e1n siendo revisados \u200b\u200by trasladados a los equipos, que tambi\u00e9n ser\u00e1n capacitados y calificados, para continuar con la conducta de brindar un servicio de excelencia. La directiva tambi\u00e9n inform\u00f3 que est\u00e1 a entera disposici\u00f3n de los familiares para su recepci\u00f3n y debidas aclaraciones.<\/p>\n","protected":false},"excerpt":{"rendered":"<p>Una familia denunci\u00f3 el fallecimiento de un beb\u00e9 de 2 meses identificado como Samuel Ricardo Souza Bastos, que se habr\u00eda sentido enfermo este lunes pasado, en la Maternidad de Profesor Jos\u00e9 Maria Magalh\u00e3es Netto, en el barrio de Pau Kid, en Salvador, Bah\u00eda, Brasil. Seg\u00fan lo publicado por la prensa local, el caso ocurri\u00f3 luego [&hellip;]<\/p>\n","protected":false},"author":1,"featured_media":993,"comment_status":"open","ping_status":"open","sticky":false,"template":"","format":"standard","meta":{"footnotes":""},"categories":[1],"tags":[],"class_list":["post-992","post","type-post","status-publish","format-standard","has-post-thumbnail","hentry","category-uncategorized"],"_links":{"self":[{"href":"https:\/\/a.globoviral.com\/index.php?rest_route=\/wp\/v2\/posts\/992","targetHints":{"allow":["GET"]}}],"collection":[{"href":"https:\/\/a.globoviral.com\/index.php?rest_route=\/wp\/v2\/posts"}],"about":[{"href":"https:\/\/a.globoviral.com\/index.php?rest_route=\/wp\/v2\/types\/post"}],"author":[{"embeddable":true,"href":"https:\/\/a.globoviral.com\/index.php?rest_route=\/wp\/v2\/users\/1"}],"replies":[{"embeddable":true,"href":"https:\/\/a.globoviral.com\/index.php?rest_route=%2Fwp%2Fv2%2Fcomments&post=992"}],"version-history":[{"count":1,"href":"https:\/\/a.globoviral.com\/index.php?rest_route=\/wp\/v2\/posts\/992\/revisions"}],"predecessor-version":[{"id":994,"href":"https:\/\/a.globoviral.com\/index.php?rest_route=\/wp\/v2\/posts\/992\/revisions\/994"}],"wp:featuredmedia":[{"embeddable":true,"href":"https:\/\/a.globoviral.com\/index.php?rest_route=\/wp\/v2\/media\/993"}],"wp:attachment":[{"href":"https:\/\/a.globoviral.com\/index.php?rest_route=%2Fwp%2Fv2%2Fmedia&parent=992"}],"wp:term":[{"taxonomy":"category","embeddable":true,"href":"https:\/\/a.globoviral.com\/index.php?rest_route=%2Fwp%2Fv2%2Fcategories&post=992"},{"taxonomy":"post_tag","embeddable":true,"href":"https:\/\/a.globoviral.com\/index.php?rest_route=%2Fwp%2Fv2%2Ftags&post=992"}],"curies":[{"name":"wp","href":"https:\/\/api.w.org\/{rel}","templated":true}]}}